{"id":22715,"date":"2024-04-29T14:55:27","date_gmt":"2024-04-29T12:55:27","guid":{"rendered":"https:\/\/www.sarahmo.be\/vier-moederdag-met-het-perfecte-cadeau\/"},"modified":"2024-05-17T10:30:24","modified_gmt":"2024-05-17T08:30:24","slug":"celebrez-le-fete-des-meres-avec-le-meilleur-cadeau","status":"publish","type":"post","link":"https:\/\/www.sarahmo.be\/fr\/celebrez-le-fete-des-meres-avec-le-meilleur-cadeau\/","title":{"rendered":"C\u00e9l\u00e9brez le f\u00eate des m\u00e8res avec le meilleur cadeau !"},"content":{"rendered":"<div class=\"wpb-content-wrapper\"><p>[vc_row woodmart_css_id=\u00a0\u00bb662f999a19e2c\u00a0\u00bb responsive_spacing=\u00a0\u00bbeyJwYXJhbV90eXBlIjoid29vZG1hcnRfcmVzcG9uc2l2ZV9zcGFjaW5nIiwic2VsZWN0b3JfaWQiOiI2NjJmOTk5YTE5ZTJjIiwic2hvcnRjb2RlIjoidmNfcm93IiwiZGF0YSI6eyJ0YWJsZXQiOnt9LCJtb2JpbGUiOnt9fX0=\u00a0\u00bb mobile_bg_img_hidden=\u00a0\u00bbno\u00a0\u00bb tablet_bg_img_hidden=\u00a0\u00bbno\u00a0\u00bb woodmart_parallax=\u00a0\u00bb0&Prime; woodmart_gradient_switch=\u00a0\u00bbno\u00a0\u00bb woodmart_box_shadow=\u00a0\u00bbno\u00a0\u00bb wd_z_index=\u00a0\u00bbno\u00a0\u00bb woodmart_disable_overflow=\u00a0\u00bb0&Prime; row_reverse_mobile=\u00a0\u00bb0&Prime; row_reverse_tablet=\u00a0\u00bb0&Prime;][vc_column width=\u00a0\u00bb1\/2&Prime;][vc_column_text css=\u00a0\u00bb\u00a0\u00bb woodmart_inline=\u00a0\u00bbno\u00a0\u00bb text_larger=\u00a0\u00bbno\u00a0\u00bb]<\/p>\n<h2>C\u00e9l\u00e9brez la f\u00eate des m\u00e8res avec le meilleur cadeau !<\/h2>\n<p>Vous cherchez quelque chose de sp\u00e9cial ? Passez chez Sarah Mo Interiors &#8211; le magasin unique pour tous les genres de d\u00e9coration. Des produits d&rsquo;int\u00e9rieur magnifiques avec des accents \u00e9l\u00e9gants pour des cadeaux bien pens\u00e9s,<\/p>\n<p>Sarah Mo Interiors a tout ce qu&rsquo;il faut pour rendre la f\u00eate des m\u00e8res encore plus sp\u00e9ciale. Si votre m\u00e8re aime les styles modernes ou classiques, nous avons quelque chose pour chacune d&rsquo;entre elles. N&rsquo;attendez pas la derni\u00e8re minute. Visitez Sarah Mo Interiors aujourd&rsquo;hui et trouvez le meilleur cadeau pour la f\u00eate des m\u00e8res qui la fera sourire d&rsquo;une oreille \u00e0 l&rsquo;autre.<\/p>\n<p>Ou \u00eates-vous plut\u00f4t h\u00e9sitante ?\u00a0 Pas de souci, offrez \u00e0 votre m\u00e8re un Bon d&rsquo;achat, laissez-la choisir dans une large gamme d&rsquo;accessoires pour la maison.\u00a0 Sarah Mo, votre boutique de d\u00e9coration d&rsquo;int\u00e9rieur.[\/vc_column_text][\/vc_column][vc_column width=\u00a0\u00bb1\/2&Prime;]\t\t<div id=\"wd-662f98f1639fd\" class=\"wd-image wd-wpb wd-rs-662f98f1639fd text-left \">\n\t\t\t\n\t\t\t<img decoding=\"async\" width=\"1188\" height=\"792\" src=\"https:\/\/www.sarahmo.be\/site\/wp-content\/uploads\/moederdag-1.jpg\" class=\"attachment-full size-full\" alt=\"\" srcset=\"https:\/\/www.sarahmo.be\/site\/wp-content\/uploads\/moederdag-1.jpg 1188w, https:\/\/www.sarahmo.be\/site\/wp-content\/uploads\/moederdag-1-300x200.jpg 300w, https:\/\/www.sarahmo.be\/site\/wp-content\/uploads\/moederdag-1-1024x683.jpg 1024w, https:\/\/www.sarahmo.be\/site\/wp-content\/uploads\/moederdag-1-768x512.jpg 768w, https:\/\/www.sarahmo.be\/site\/wp-content\/uploads\/moederdag-1-1000x667.jpg 1000w, https:\/\/www.sarahmo.be\/site\/wp-content\/uploads\/moederdag-1-500x333.jpg 500w, https:\/\/www.sarahmo.be\/site\/wp-content\/uploads\/moederdag-1-800x533.jpg 800w, https:\/\/www.sarahmo.be\/site\/wp-content\/uploads\/moederdag-1-150x100.jpg 150w\" sizes=\"(max-width: 1188px) 100vw, 1188px\" \/>\n\t\t\t\t\t<\/div>\n\t\t[\/vc_column][\/vc_row]<\/p>\n<\/div>","protected":false},"excerpt":{"rendered":"<p>[vc_row woodmart_css_id=\u00a0\u00bb662f999a19e2c\u00a0\u00bb responsive_spacing=\u00a0\u00bbeyJwYXJhbV90eXBlIjoid29vZG1hcnRfcmVzcG9uc2l2ZV9zcGFjaW5nIiwic2VsZWN0b3JfaWQiOiI2NjJmOTk5YTE5ZTJjIiwic2hvcnRjb2RlIjoidmNfcm93IiwiZGF0YSI6eyJ0YWJsZXQiOnt9LCJtb2JpbGUiOnt9fX0=\u00a0\u00bb mobile_bg_img_hidden=\u00a0\u00bbno\u00a0\u00bb tablet_bg_img_hidden=\u00a0\u00bbno\u00a0\u00bb woodmart_parallax=\u00a0\u00bb0&Prime; woodmart_gradient_switch=\u00a0\u00bbno\u00a0\u00bb woodmart_box_shadow=\u00a0\u00bbno\u00a0\u00bb wd_z_index=\u00a0\u00bbno\u00a0\u00bb woodmart_disable_overflow=\u00a0\u00bb0&Prime; row_reverse_mobile=\u00a0\u00bb0&Prime; row_reverse_tablet=\u00a0\u00bb0&Prime;][vc_column width=\u00a0\u00bb1\/2&Prime;][vc_column_text css=\u00a0\u00bb\u00a0\u00bb woodmart_inline=\u00a0\u00bbno\u00a0\u00bb text_larger=\u00a0\u00bbno\u00a0\u00bb] C\u00e9l\u00e9brez la f\u00eate des<\/p>\n","protected":false},"author":187,"featured_media":22540,"comment_status":"closed","ping_status":"closed","sticky":false,"template":"","format":"standard","meta":{"footnotes":""},"categories":[3919],"tags":[],"class_list":["post-22715","post","type-post","status-publish","format-standard","has-post-thumbnail","hentry","category-blog-fr"],"yoast_head":"<!-- This site is optimized with the Yoast SEO plugin v27.4 - https:\/\/yoast.com\/product\/yoast-seo-wordpress\/ -->\n<title>Sarah Mo - C\u00e9l\u00e9brez le f\u00eate des m\u00e8res avec le meilleur cadeau !<\/title>\n<meta name=\"description\" content=\"&quot;C\u00e9l\u00e9brez la f\u00eate des m\u00e8res. Des cadeaux uniques et \u00e9l\u00e9gants, des meubles magnifiques aux accessoires uniques et \u00e0 la d\u00e9coration de Sarah Mo\" \/>\n<meta name=\"robots\" content=\"noindex, follow\" \/>\n<meta property=\"og:locale\" content=\"fr_FR\" \/>\n<meta property=\"og:type\" content=\"article\" \/>\n<meta property=\"og:title\" content=\"Sarah Mo - C\u00e9l\u00e9brez le f\u00eate des m\u00e8res avec le meilleur cadeau !\" \/>\n<meta property=\"og:description\" content=\"&quot;C\u00e9l\u00e9brez la f\u00eate des m\u00e8res. Des cadeaux uniques et \u00e9l\u00e9gants, des meubles magnifiques aux accessoires uniques et \u00e0 la d\u00e9coration de Sarah Mo\" \/>\n<meta property=\"og:url\" content=\"https:\/\/www.sarahmo.be\/fr\/celebrez-le-fete-des-meres-avec-le-meilleur-cadeau\/\" \/>\n<meta property=\"og:site_name\" content=\"Sarah Mo\" \/>\n<meta property=\"article:publisher\" content=\"https:\/\/www.facebook.com\/SarahMofurniturestore\/\" \/>\n<meta property=\"article:published_time\" content=\"2024-04-29T12:55:27+00:00\" \/>\n<meta property=\"article:modified_time\" content=\"2024-05-17T08:30:24+00:00\" \/>\n<meta property=\"og:image\" content=\"https:\/\/www.sarahmo.be\/site\/wp-content\/uploads\/moederdag-1.jpg\" \/>\n\t<meta property=\"og:image:width\" content=\"1188\" \/>\n\t<meta property=\"og:image:height\" content=\"792\" \/>\n\t<meta property=\"og:image:type\" content=\"image\/jpeg\" \/>\n<meta name=\"author\" content=\"Johan\" \/>\n<meta name=\"twitter:card\" content=\"summary_large_image\" \/>\n<meta name=\"twitter:label1\" content=\"\u00c9crit par\" \/>\n\t<meta name=\"twitter:data1\" content=\"Johan\" \/>\n\t<meta name=\"twitter:label2\" content=\"Dur\u00e9e de lecture estim\u00e9e\" \/>\n\t<meta name=\"twitter:data2\" content=\"2 minutes\" \/>\n<script type=\"application\/ld+json\" class=\"yoast-schema-graph\">{\"@context\":\"https:\\\/\\\/schema.org\",\"@graph\":[{\"@type\":\"Article\",\"@id\":\"https:\\\/\\\/www.sarahmo.be\\\/fr\\\/celebrez-le-fete-des-meres-avec-le-meilleur-cadeau\\\/#article\",\"isPartOf\":{\"@id\":\"https:\\\/\\\/www.sarahmo.be\\\/fr\\\/celebrez-le-fete-des-meres-avec-le-meilleur-cadeau\\\/\"},\"author\":{\"name\":\"Johan\",\"@id\":\"https:\\\/\\\/www.sarahmo.be\\\/fr\\\/#\\\/schema\\\/person\\\/051cfb36bdc195a49ff8b858435d8c48\"},\"headline\":\"C\u00e9l\u00e9brez le f\u00eate des m\u00e8res avec le meilleur cadeau !\",\"datePublished\":\"2024-04-29T12:55:27+00:00\",\"dateModified\":\"2024-05-17T08:30:24+00:00\",\"mainEntityOfPage\":{\"@id\":\"https:\\\/\\\/www.sarahmo.be\\\/fr\\\/celebrez-le-fete-des-meres-avec-le-meilleur-cadeau\\\/\"},\"wordCount\":338,\"publisher\":{\"@id\":\"https:\\\/\\\/www.sarahmo.be\\\/fr\\\/#organization\"},\"image\":{\"@id\":\"https:\\\/\\\/www.sarahmo.be\\\/fr\\\/celebrez-le-fete-des-meres-avec-le-meilleur-cadeau\\\/#primaryimage\"},\"thumbnailUrl\":\"https:\\\/\\\/www.sarahmo.be\\\/site\\\/wp-content\\\/uploads\\\/moederdag-1.jpg\",\"articleSection\":[\"Blog\"],\"inLanguage\":\"fr-FR\"},{\"@type\":\"WebPage\",\"@id\":\"https:\\\/\\\/www.sarahmo.be\\\/fr\\\/celebrez-le-fete-des-meres-avec-le-meilleur-cadeau\\\/\",\"url\":\"https:\\\/\\\/www.sarahmo.be\\\/fr\\\/celebrez-le-fete-des-meres-avec-le-meilleur-cadeau\\\/\",\"name\":\"Sarah Mo - C\u00e9l\u00e9brez le f\u00eate des m\u00e8res avec le meilleur cadeau !\",\"isPartOf\":{\"@id\":\"https:\\\/\\\/www.sarahmo.be\\\/fr\\\/#website\"},\"primaryImageOfPage\":{\"@id\":\"https:\\\/\\\/www.sarahmo.be\\\/fr\\\/celebrez-le-fete-des-meres-avec-le-meilleur-cadeau\\\/#primaryimage\"},\"image\":{\"@id\":\"https:\\\/\\\/www.sarahmo.be\\\/fr\\\/celebrez-le-fete-des-meres-avec-le-meilleur-cadeau\\\/#primaryimage\"},\"thumbnailUrl\":\"https:\\\/\\\/www.sarahmo.be\\\/site\\\/wp-content\\\/uploads\\\/moederdag-1.jpg\",\"datePublished\":\"2024-04-29T12:55:27+00:00\",\"dateModified\":\"2024-05-17T08:30:24+00:00\",\"description\":\"\\\"C\u00e9l\u00e9brez la f\u00eate des m\u00e8res. Des cadeaux uniques et \u00e9l\u00e9gants, des meubles magnifiques aux accessoires uniques et \u00e0 la d\u00e9coration de Sarah Mo\",\"breadcrumb\":{\"@id\":\"https:\\\/\\\/www.sarahmo.be\\\/fr\\\/celebrez-le-fete-des-meres-avec-le-meilleur-cadeau\\\/#breadcrumb\"},\"inLanguage\":\"fr-FR\",\"potentialAction\":[{\"@type\":\"ReadAction\",\"target\":[\"https:\\\/\\\/www.sarahmo.be\\\/fr\\\/celebrez-le-fete-des-meres-avec-le-meilleur-cadeau\\\/\"]}]},{\"@type\":\"ImageObject\",\"inLanguage\":\"fr-FR\",\"@id\":\"https:\\\/\\\/www.sarahmo.be\\\/fr\\\/celebrez-le-fete-des-meres-avec-le-meilleur-cadeau\\\/#primaryimage\",\"url\":\"https:\\\/\\\/www.sarahmo.be\\\/site\\\/wp-content\\\/uploads\\\/moederdag-1.jpg\",\"contentUrl\":\"https:\\\/\\\/www.sarahmo.be\\\/site\\\/wp-content\\\/uploads\\\/moederdag-1.jpg\",\"width\":1188,\"height\":792,\"caption\":\"Children give mother flowers. Family at home. Mothers day\"},{\"@type\":\"BreadcrumbList\",\"@id\":\"https:\\\/\\\/www.sarahmo.be\\\/fr\\\/celebrez-le-fete-des-meres-avec-le-meilleur-cadeau\\\/#breadcrumb\",\"itemListElement\":[{\"@type\":\"ListItem\",\"position\":1,\"name\":\"Accueil\",\"item\":\"https:\\\/\\\/www.sarahmo.be\\\/fr\\\/\"},{\"@type\":\"ListItem\",\"position\":2,\"name\":\"C\u00e9l\u00e9brez le f\u00eate des m\u00e8res avec le meilleur cadeau !\"}]},{\"@type\":\"WebSite\",\"@id\":\"https:\\\/\\\/www.sarahmo.be\\\/fr\\\/#website\",\"url\":\"https:\\\/\\\/www.sarahmo.be\\\/fr\\\/\",\"name\":\"Sarah Mo\",\"description\":\"Sp\u00e9cialiste du style campagne intemporel\",\"publisher\":{\"@id\":\"https:\\\/\\\/www.sarahmo.be\\\/fr\\\/#organization\"},\"potentialAction\":[{\"@type\":\"SearchAction\",\"target\":{\"@type\":\"EntryPoint\",\"urlTemplate\":\"https:\\\/\\\/www.sarahmo.be\\\/fr\\\/?s={search_term_string}\"},\"query-input\":{\"@type\":\"PropertyValueSpecification\",\"valueRequired\":true,\"valueName\":\"search_term_string\"}}],\"inLanguage\":\"fr-FR\"},{\"@type\":\"Organization\",\"@id\":\"https:\\\/\\\/www.sarahmo.be\\\/fr\\\/#organization\",\"name\":\"Sarah Mo Landelijke meubelen en verlichting\",\"url\":\"https:\\\/\\\/www.sarahmo.be\\\/fr\\\/\",\"logo\":{\"@type\":\"ImageObject\",\"inLanguage\":\"fr-FR\",\"@id\":\"https:\\\/\\\/www.sarahmo.be\\\/fr\\\/#\\\/schema\\\/logo\\\/image\\\/\",\"url\":\"https:\\\/\\\/www.sarahmo.be\\\/site\\\/wp-content\\\/uploads\\\/logo-dark.png\",\"contentUrl\":\"https:\\\/\\\/www.sarahmo.be\\\/site\\\/wp-content\\\/uploads\\\/logo-dark.png\",\"width\":1025,\"height\":120,\"caption\":\"Sarah Mo Landelijke meubelen en verlichting\"},\"image\":{\"@id\":\"https:\\\/\\\/www.sarahmo.be\\\/fr\\\/#\\\/schema\\\/logo\\\/image\\\/\"},\"sameAs\":[\"https:\\\/\\\/www.facebook.com\\\/SarahMofurniturestore\\\/\"]},{\"@type\":\"Person\",\"@id\":\"https:\\\/\\\/www.sarahmo.be\\\/fr\\\/#\\\/schema\\\/person\\\/051cfb36bdc195a49ff8b858435d8c48\",\"name\":\"Johan\",\"image\":{\"@type\":\"ImageObject\",\"inLanguage\":\"fr-FR\",\"@id\":\"https:\\\/\\\/secure.gravatar.com\\\/avatar\\\/5d19bfaa70d92d88e944d032edf8aa6dc4a9ee91e9d9c4a5c109af81d8c087f9?s=96&d=mm&r=g\",\"url\":\"https:\\\/\\\/secure.gravatar.com\\\/avatar\\\/5d19bfaa70d92d88e944d032edf8aa6dc4a9ee91e9d9c4a5c109af81d8c087f9?s=96&d=mm&r=g\",\"contentUrl\":\"https:\\\/\\\/secure.gravatar.com\\\/avatar\\\/5d19bfaa70d92d88e944d032edf8aa6dc4a9ee91e9d9c4a5c109af81d8c087f9?s=96&d=mm&r=g\",\"caption\":\"Johan\"}}]}<\/script>\n<!-- \/ Yoast SEO plugin. -->","yoast_head_json":{"title":"Sarah Mo - C\u00e9l\u00e9brez le f\u00eate des m\u00e8res avec le meilleur cadeau !","description":"\"C\u00e9l\u00e9brez la f\u00eate des m\u00e8res. Des cadeaux uniques et \u00e9l\u00e9gants, des meubles magnifiques aux accessoires uniques et \u00e0 la d\u00e9coration de Sarah Mo","robots":{"index":"noindex","follow":"follow"},"og_locale":"fr_FR","og_type":"article","og_title":"Sarah Mo - C\u00e9l\u00e9brez le f\u00eate des m\u00e8res avec le meilleur cadeau !","og_description":"\"C\u00e9l\u00e9brez la f\u00eate des m\u00e8res. Des cadeaux uniques et \u00e9l\u00e9gants, des meubles magnifiques aux accessoires uniques et \u00e0 la d\u00e9coration de Sarah Mo","og_url":"https:\/\/www.sarahmo.be\/fr\/celebrez-le-fete-des-meres-avec-le-meilleur-cadeau\/","og_site_name":"Sarah Mo","article_publisher":"https:\/\/www.facebook.com\/SarahMofurniturestore\/","article_published_time":"2024-04-29T12:55:27+00:00","article_modified_time":"2024-05-17T08:30:24+00:00","og_image":[{"width":1188,"height":792,"url":"https:\/\/www.sarahmo.be\/site\/wp-content\/uploads\/moederdag-1.jpg","type":"image\/jpeg"}],"author":"Johan","twitter_card":"summary_large_image","twitter_misc":{"\u00c9crit par":"Johan","Dur\u00e9e de lecture estim\u00e9e":"2 minutes"},"schema":{"@context":"https:\/\/schema.org","@graph":[{"@type":"Article","@id":"https:\/\/www.sarahmo.be\/fr\/celebrez-le-fete-des-meres-avec-le-meilleur-cadeau\/#article","isPartOf":{"@id":"https:\/\/www.sarahmo.be\/fr\/celebrez-le-fete-des-meres-avec-le-meilleur-cadeau\/"},"author":{"name":"Johan","@id":"https:\/\/www.sarahmo.be\/fr\/#\/schema\/person\/051cfb36bdc195a49ff8b858435d8c48"},"headline":"C\u00e9l\u00e9brez le f\u00eate des m\u00e8res avec le meilleur cadeau !","datePublished":"2024-04-29T12:55:27+00:00","dateModified":"2024-05-17T08:30:24+00:00","mainEntityOfPage":{"@id":"https:\/\/www.sarahmo.be\/fr\/celebrez-le-fete-des-meres-avec-le-meilleur-cadeau\/"},"wordCount":338,"publisher":{"@id":"https:\/\/www.sarahmo.be\/fr\/#organization"},"image":{"@id":"https:\/\/www.sarahmo.be\/fr\/celebrez-le-fete-des-meres-avec-le-meilleur-cadeau\/#primaryimage"},"thumbnailUrl":"https:\/\/www.sarahmo.be\/site\/wp-content\/uploads\/moederdag-1.jpg","articleSection":["Blog"],"inLanguage":"fr-FR"},{"@type":"WebPage","@id":"https:\/\/www.sarahmo.be\/fr\/celebrez-le-fete-des-meres-avec-le-meilleur-cadeau\/","url":"https:\/\/www.sarahmo.be\/fr\/celebrez-le-fete-des-meres-avec-le-meilleur-cadeau\/","name":"Sarah Mo - C\u00e9l\u00e9brez le f\u00eate des m\u00e8res avec le meilleur cadeau !","isPartOf":{"@id":"https:\/\/www.sarahmo.be\/fr\/#website"},"primaryImageOfPage":{"@id":"https:\/\/www.sarahmo.be\/fr\/celebrez-le-fete-des-meres-avec-le-meilleur-cadeau\/#primaryimage"},"image":{"@id":"https:\/\/www.sarahmo.be\/fr\/celebrez-le-fete-des-meres-avec-le-meilleur-cadeau\/#primaryimage"},"thumbnailUrl":"https:\/\/www.sarahmo.be\/site\/wp-content\/uploads\/moederdag-1.jpg","datePublished":"2024-04-29T12:55:27+00:00","dateModified":"2024-05-17T08:30:24+00:00","description":"\"C\u00e9l\u00e9brez la f\u00eate des m\u00e8res. Des cadeaux uniques et \u00e9l\u00e9gants, des meubles magnifiques aux accessoires uniques et \u00e0 la d\u00e9coration de Sarah Mo","breadcrumb":{"@id":"https:\/\/www.sarahmo.be\/fr\/celebrez-le-fete-des-meres-avec-le-meilleur-cadeau\/#breadcrumb"},"inLanguage":"fr-FR","potentialAction":[{"@type":"ReadAction","target":["https:\/\/www.sarahmo.be\/fr\/celebrez-le-fete-des-meres-avec-le-meilleur-cadeau\/"]}]},{"@type":"ImageObject","inLanguage":"fr-FR","@id":"https:\/\/www.sarahmo.be\/fr\/celebrez-le-fete-des-meres-avec-le-meilleur-cadeau\/#primaryimage","url":"https:\/\/www.sarahmo.be\/site\/wp-content\/uploads\/moederdag-1.jpg","contentUrl":"https:\/\/www.sarahmo.be\/site\/wp-content\/uploads\/moederdag-1.jpg","width":1188,"height":792,"caption":"Children give mother flowers. Family at home. Mothers day"},{"@type":"BreadcrumbList","@id":"https:\/\/www.sarahmo.be\/fr\/celebrez-le-fete-des-meres-avec-le-meilleur-cadeau\/#breadcrumb","itemListElement":[{"@type":"ListItem","position":1,"name":"Accueil","item":"https:\/\/www.sarahmo.be\/fr\/"},{"@type":"ListItem","position":2,"name":"C\u00e9l\u00e9brez le f\u00eate des m\u00e8res avec le meilleur cadeau !"}]},{"@type":"WebSite","@id":"https:\/\/www.sarahmo.be\/fr\/#website","url":"https:\/\/www.sarahmo.be\/fr\/","name":"Sarah Mo","description":"Sp\u00e9cialiste du style campagne intemporel","publisher":{"@id":"https:\/\/www.sarahmo.be\/fr\/#organization"},"potentialAction":[{"@type":"SearchAction","target":{"@type":"EntryPoint","urlTemplate":"https:\/\/www.sarahmo.be\/fr\/?s={search_term_string}"},"query-input":{"@type":"PropertyValueSpecification","valueRequired":true,"valueName":"search_term_string"}}],"inLanguage":"fr-FR"},{"@type":"Organization","@id":"https:\/\/www.sarahmo.be\/fr\/#organization","name":"Sarah Mo Landelijke meubelen en verlichting","url":"https:\/\/www.sarahmo.be\/fr\/","logo":{"@type":"ImageObject","inLanguage":"fr-FR","@id":"https:\/\/www.sarahmo.be\/fr\/#\/schema\/logo\/image\/","url":"https:\/\/www.sarahmo.be\/site\/wp-content\/uploads\/logo-dark.png","contentUrl":"https:\/\/www.sarahmo.be\/site\/wp-content\/uploads\/logo-dark.png","width":1025,"height":120,"caption":"Sarah Mo Landelijke meubelen en verlichting"},"image":{"@id":"https:\/\/www.sarahmo.be\/fr\/#\/schema\/logo\/image\/"},"sameAs":["https:\/\/www.facebook.com\/SarahMofurniturestore\/"]},{"@type":"Person","@id":"https:\/\/www.sarahmo.be\/fr\/#\/schema\/person\/051cfb36bdc195a49ff8b858435d8c48","name":"Johan","image":{"@type":"ImageObject","inLanguage":"fr-FR","@id":"https:\/\/secure.gravatar.com\/avatar\/5d19bfaa70d92d88e944d032edf8aa6dc4a9ee91e9d9c4a5c109af81d8c087f9?s=96&d=mm&r=g","url":"https:\/\/secure.gravatar.com\/avatar\/5d19bfaa70d92d88e944d032edf8aa6dc4a9ee91e9d9c4a5c109af81d8c087f9?s=96&d=mm&r=g","contentUrl":"https:\/\/secure.gravatar.com\/avatar\/5d19bfaa70d92d88e944d032edf8aa6dc4a9ee91e9d9c4a5c109af81d8c087f9?s=96&d=mm&r=g","caption":"Johan"}}]}},"_links":{"self":[{"href":"https:\/\/www.sarahmo.be\/fr\/wp-json\/wp\/v2\/posts\/22715","targetHints":{"allow":["GET"]}}],"collection":[{"href":"https:\/\/www.sarahmo.be\/fr\/wp-json\/wp\/v2\/posts"}],"about":[{"href":"https:\/\/www.sarahmo.be\/fr\/wp-json\/wp\/v2\/types\/post"}],"author":[{"embeddable":true,"href":"https:\/\/www.sarahmo.be\/fr\/wp-json\/wp\/v2\/users\/187"}],"replies":[{"embeddable":true,"href":"https:\/\/www.sarahmo.be\/fr\/wp-json\/wp\/v2\/comments?post=22715"}],"version-history":[{"count":0,"href":"https:\/\/www.sarahmo.be\/fr\/wp-json\/wp\/v2\/posts\/22715\/revisions"}],"wp:featuredmedia":[{"embeddable":true,"href":"https:\/\/www.sarahmo.be\/fr\/wp-json\/wp\/v2\/media\/22540"}],"wp:attachment":[{"href":"https:\/\/www.sarahmo.be\/fr\/wp-json\/wp\/v2\/media?parent=22715"}],"wp:term":[{"taxonomy":"category","embeddable":true,"href":"https:\/\/www.sarahmo.be\/fr\/wp-json\/wp\/v2\/categories?post=22715"},{"taxonomy":"post_tag","embeddable":true,"href":"https:\/\/www.sarahmo.be\/fr\/wp-json\/wp\/v2\/tags?post=22715"}],"curies":[{"name":"wp","href":"https:\/\/api.w.org\/{rel}","templated":true}]}}