{"id":22716,"date":"2024-04-29T14:18:22","date_gmt":"2024-04-29T12:18:22","guid":{"rendered":"https:\/\/www.sarahmo.be\/tijdloze-elegantie-eiken-maatwerkmeubelen\/"},"modified":"2024-06-10T17:26:41","modified_gmt":"2024-06-10T15:26:41","slug":"elegance-intemporelle-meubles-en-chene","status":"publish","type":"post","link":"https:\/\/www.sarahmo.be\/fr\/elegance-intemporelle-meubles-en-chene\/","title":{"rendered":"\u00c9l\u00e9gance intemporelle : meubles en ch\u00eane"},"content":{"rendered":"<div class=\"wpb-content-wrapper\"><p>[vc_row full_width=\u00a0\u00bbstretch_row\u00a0\u00bb woodmart_css_id=\u00a0\u00bb662fc233b61c2&Prime; responsive_spacing=\u00a0\u00bbeyJwYXJhbV90eXBlIjoid29vZG1hcnRfcmVzcG9uc2l2ZV9zcGFjaW5nIiwic2VsZWN0b3JfaWQiOiI2NjJmYzIzM2I2MWMyIiwic2hvcnRjb2RlIjoidmNfcm93IiwiZGF0YSI6eyJ0YWJsZXQiOnt9LCJtb2JpbGUiOnt9fX0=\u00a0\u00bb mobile_bg_img_hidden=\u00a0\u00bbno\u00a0\u00bb tablet_bg_img_hidden=\u00a0\u00bbno\u00a0\u00bb woodmart_parallax=\u00a0\u00bb0&Prime; woodmart_gradient_switch=\u00a0\u00bbno\u00a0\u00bb woodmart_box_shadow=\u00a0\u00bbno\u00a0\u00bb wd_z_index=\u00a0\u00bbno\u00a0\u00bb woodmart_disable_overflow=\u00a0\u00bb0&Prime; row_reverse_mobile=\u00a0\u00bb0&Prime; row_reverse_tablet=\u00a0\u00bb0&Prime;][vc_column width=\u00a0\u00bb1\/2&Prime;][vc_column_text css=\u00a0\u00bb\u00a0\u00bb woodmart_inline=\u00a0\u00bbno\u00a0\u00bb text_larger=\u00a0\u00bbno\u00a0\u00bb]<\/p>\n<p>&nbsp;<\/p>\n<p>[\/vc_column_text][vc_column_text css=\u00a0\u00bb\u00a0\u00bb woodmart_inline=\u00a0\u00bbno\u00a0\u00bb text_larger=\u00a0\u00bbno\u00a0\u00bb]<\/p>\n<h2>\u00c9l\u00e9gance intemporelle : meubles en ch\u00eane sur mesure pour un int\u00e9rieur campagnard intemporel<\/h2>\n<p>Dans un monde plein de tendances et de changements, il y a quelque chose \u00e0 dire sur l&rsquo;\u00e9l\u00e9gance intemporelle. Et quoi de plus intemporel que les meubles en ch\u00eane de Sarah mo ? Ces magnifiques pi\u00e8ces ne sont pas seulement durables, elles ajoutent \u00e9galement une touche de charme \u00e0 votre int\u00e9rieur. Si vous aimez le style campagnard ou si vous recherchez simplement des meubles de qualit\u00e9 qui r\u00e9sistent \u00e0 l&rsquo;\u00e9preuve du temps, les meubles en ch\u00eane offrent une solution intemporelle.[\/vc_column_text][vc_column_text css=\u00a0\u00bb\u00a0\u00bb woodmart_inline=\u00a0\u00bbno\u00a0\u00bb text_larger=\u00a0\u00bbno\u00a0\u00bb]<\/p>\n<h3>Artisan sur mesure<\/h3>\n<p>L&rsquo;un des avantages les plus int\u00e9ressants des meubles en ch\u00eane est la possibilit\u00e9 de les personnaliser. Chaque maison est unique, et la personnalisation vous permet de cr\u00e9er des meubles qui s&rsquo;adaptent parfaitement \u00e0 votre espace et \u00e0 vos besoins. Qu&rsquo;il s&rsquo;agisse d&rsquo;une table \u00e0 manger sur mesure qui constitue le c\u0153ur de votre maison, d&rsquo;un buffet d\u00e9cor\u00e9 qui embellit votre salon ou d&rsquo;une biblioth\u00e8que fonctionnelle qui met en valeur vos collections pr\u00e9f\u00e9r\u00e9es, les meubles en ch\u00eane peuvent \u00eatre adapt\u00e9s \u00e0 vos besoins sp\u00e9cifiques. Le savoir-faire artisanal et le niveau de d\u00e9tail de la personnalisation vous garantissent des meubles qui ne sont pas seulement fonctionnels, mais qui s&rsquo;int\u00e8grent \u00e9galement dans votre int\u00e9rieur. Et ceci \u00e0 des prix plus que raisonnables chez Sarah Mo interiors.[\/vc_column_text][\/vc_column][vc_column width=\u00a0\u00bb1\/2&Prime;][vc_column_text css=\u00a0\u00bb\u00a0\u00bb woodmart_inline=\u00a0\u00bbno\u00a0\u00bb text_larger=\u00a0\u00bbno\u00a0\u00bb]<\/p>\n<p>&nbsp;<\/p>\n<p>[\/vc_column_text]\t\t<div id=\"gallery_109\" class=\"wd-images-gallery wd-wpb wd-rs-666719eb67159 photoswipe-images\" style=\"--wd-justify-content:left;--wd-align-items:center;\">\n\t\t\t\n\t\t\t<div class=\" wd-grid-g\" style=\"--wd-col-lg:1;--wd-col-md:1;--wd-col-sm:1;--wd-gap-lg:0px;\">\n\t\t\t\t\n\t\t\t\t\t\t\t\t\t\t\t\t\t\t\t<div class=\"wd-gallery-item wd-col\">\n\t\t\t\t\t\t\t\t\t\t\t\t\t\t<a href=\"https:\/\/www.sarahmo.be\/site\/wp-content\/uploads\/VIC104-Landelijke-meubelen-van-Sarah-Mo-interieurs.-prachtige-eiken-of-teak-meubelen-maatwerkwerk-verkrijgbaar.-Decoratie-en-meubelen-sarah-mo-uw-meubel-decoratie-woonwinkel.jpg\" data-elementor-open-lightbox=\"no\" data-index=\"1\" data-width=\"1252\" data-height=\"1251\" \n\t\t\t\t\t\t\t\t\t\t\t\t >\n\t\t\t\t\t\t\t\t\n\t\t\t\t\t\t\t\t<img decoding=\"async\" width=\"1252\" height=\"1251\" src=\"https:\/\/www.sarahmo.be\/site\/wp-content\/uploads\/VIC104-Landelijke-meubelen-van-Sarah-Mo-interieurs.-prachtige-eiken-of-teak-meubelen-maatwerkwerk-verkrijgbaar.-Decoratie-en-meubelen-sarah-mo-uw-meubel-decoratie-woonwinkel.jpg\" class=\"wd-gallery-image image-1\" alt=\"\" srcset=\"https:\/\/www.sarahmo.be\/site\/wp-content\/uploads\/VIC104-Landelijke-meubelen-van-Sarah-Mo-interieurs.-prachtige-eiken-of-teak-meubelen-maatwerkwerk-verkrijgbaar.-Decoratie-en-meubelen-sarah-mo-uw-meubel-decoratie-woonwinkel.jpg 1252w, https:\/\/www.sarahmo.be\/site\/wp-content\/uploads\/VIC104-Landelijke-meubelen-van-Sarah-Mo-interieurs.-prachtige-eiken-of-teak-meubelen-maatwerkwerk-verkrijgbaar.-Decoratie-en-meubelen-sarah-mo-uw-meubel-decoratie-woonwinkel-300x300.jpg 300w, https:\/\/www.sarahmo.be\/site\/wp-content\/uploads\/VIC104-Landelijke-meubelen-van-Sarah-Mo-interieurs.-prachtige-eiken-of-teak-meubelen-maatwerkwerk-verkrijgbaar.-Decoratie-en-meubelen-sarah-mo-uw-meubel-decoratie-woonwinkel-1024x1024.jpg 1024w, https:\/\/www.sarahmo.be\/site\/wp-content\/uploads\/VIC104-Landelijke-meubelen-van-Sarah-Mo-interieurs.-prachtige-eiken-of-teak-meubelen-maatwerkwerk-verkrijgbaar.-Decoratie-en-meubelen-sarah-mo-uw-meubel-decoratie-woonwinkel-150x150.jpg 150w, https:\/\/www.sarahmo.be\/site\/wp-content\/uploads\/VIC104-Landelijke-meubelen-van-Sarah-Mo-interieurs.-prachtige-eiken-of-teak-meubelen-maatwerkwerk-verkrijgbaar.-Decoratie-en-meubelen-sarah-mo-uw-meubel-decoratie-woonwinkel-768x767.jpg 768w, https:\/\/www.sarahmo.be\/site\/wp-content\/uploads\/VIC104-Landelijke-meubelen-van-Sarah-Mo-interieurs.-prachtige-eiken-of-teak-meubelen-maatwerkwerk-verkrijgbaar.-Decoratie-en-meubelen-sarah-mo-uw-meubel-decoratie-woonwinkel-1000x999.jpg 1000w, https:\/\/www.sarahmo.be\/site\/wp-content\/uploads\/VIC104-Landelijke-meubelen-van-Sarah-Mo-interieurs.-prachtige-eiken-of-teak-meubelen-maatwerkwerk-verkrijgbaar.-Decoratie-en-meubelen-sarah-mo-uw-meubel-decoratie-woonwinkel-500x500.jpg 500w, https:\/\/www.sarahmo.be\/site\/wp-content\/uploads\/VIC104-Landelijke-meubelen-van-Sarah-Mo-interieurs.-prachtige-eiken-of-teak-meubelen-maatwerkwerk-verkrijgbaar.-Decoratie-en-meubelen-sarah-mo-uw-meubel-decoratie-woonwinkel-800x799.jpg 800w\" sizes=\"(max-width: 1252px) 100vw, 1252px\" \/>\n\t\t\t\t\t\t\t\t\t\t\t\t\t\t\t<\/a>\n\t\t\t\t\t\t\t\t\t\t\t\t<\/div>\n\t\t\t\t\t\t\t\t\t\n\t\t\t\t\t\t\t<\/div>\n\n\t\t\t\t\t<\/div>\n\t\t[\/vc_column][vc_column][\/vc_column][vc_column][\/vc_column][vc_column][\/vc_column][\/vc_row][vc_row content_placement=\u00a0\u00bbmiddle\u00a0\u00bb woodmart_css_id=\u00a0\u00bb662f90cf3726e\u00a0\u00bb responsive_spacing=\u00a0\u00bbeyJwYXJhbV90eXBlIjoid29vZG1hcnRfcmVzcG9uc2l2ZV9zcGFjaW5nIiwic2VsZWN0b3JfaWQiOiI2NjJmOTBjZjM3MjZlIiwic2hvcnRjb2RlIjoidmNfcm93IiwiZGF0YSI6eyJ0YWJsZXQiOnt9LCJtb2JpbGUiOnt9fX0=\u00a0\u00bb mobile_bg_img_hidden=\u00a0\u00bbno\u00a0\u00bb tablet_bg_img_hidden=\u00a0\u00bbno\u00a0\u00bb woodmart_parallax=\u00a0\u00bb0&Prime; woodmart_gradient_switch=\u00a0\u00bbno\u00a0\u00bb woodmart_box_shadow=\u00a0\u00bbno\u00a0\u00bb wd_z_index=\u00a0\u00bbno\u00a0\u00bb woodmart_disable_overflow=\u00a0\u00bb0&Prime; row_reverse_mobile=\u00a0\u00bb0&Prime; row_reverse_tablet=\u00a0\u00bb0&Prime; css=\u00a0\u00bb.vc_custom_1714393306346{padding-top: 15px !important;}\u00a0\u00bb][vc_column width=\u00a0\u00bb1\/2&Prime;][vc_column_text css=\u00a0\u00bb\u00a0\u00bb woodmart_inline=\u00a0\u00bbno\u00a0\u00bb text_larger=\u00a0\u00bbno\u00a0\u00bb]<\/p>\n<p>&nbsp;<\/p>\n<p>&nbsp;<\/p>\n<p>&nbsp;<\/p>\n<p>[\/vc_column_text][\/vc_column][\/vc_row][vc_row content_placement=\u00a0\u00bbmiddle\u00a0\u00bb woodmart_css_id=\u00a0\u00bb662f8a1c8f017&Prime; responsive_spacing=\u00a0\u00bbeyJwYXJhbV90eXBlIjoid29vZG1hcnRfcmVzcG9uc2l2ZV9zcGFjaW5nIiwic2VsZWN0b3JfaWQiOiI2NjJmOGExYzhmMDE3Iiwic2hvcnRjb2RlIjoidmNfcm93IiwiZGF0YSI6eyJ0YWJsZXQiOnt9LCJtb2JpbGUiOnt9fX0=\u00a0\u00bb mobile_bg_img_hidden=\u00a0\u00bbno\u00a0\u00bb tablet_bg_img_hidden=\u00a0\u00bbno\u00a0\u00bb woodmart_parallax=\u00a0\u00bb0&Prime; woodmart_gradient_switch=\u00a0\u00bbno\u00a0\u00bb woodmart_box_shadow=\u00a0\u00bbno\u00a0\u00bb wd_z_index=\u00a0\u00bbno\u00a0\u00bb woodmart_disable_overflow=\u00a0\u00bb0&Prime; row_reverse_mobile=\u00a0\u00bb0&Prime; row_reverse_tablet=\u00a0\u00bb0&Prime;][vc_column][vc_column_text css=\u00a0\u00bb\u00a0\u00bb woodmart_inline=\u00a0\u00bbno\u00a0\u00bb text_larger=\u00a0\u00bbno\u00a0\u00bb]<\/p>\n<h3>Chaleur Rurale<\/h3>\n<p>Les meubles en ch\u00eane d\u00e9gagent une ambiance chaleureuse et campagnarde qui s&rsquo;accorde parfaitement avec la convivialit\u00e9 et le confort. Que vous viviez dans une maison de campagne ou dans un appartement urbain, les meubles en ch\u00eane apportent une touche de beaut\u00e9 naturelle \u00e0 chaque espace. Les tons chauds du ch\u00eane donnent une impression de confort, et sa texture robuste conf\u00e8re un sentiment d&rsquo;authenticit\u00e9 et de caract\u00e8re. C&rsquo;est comme si chaque meuble racontait une histoire, une histoire d&rsquo;artisanat et de beaut\u00e9 intemporelle.[\/vc_column_text][vc_column_text css=\u00a0\u00bb\u00a0\u00bb woodmart_inline=\u00a0\u00bbno\u00a0\u00bb text_larger=\u00a0\u00bbno\u00a0\u00bb]<\/p>\n<h3>Une gamme color\u00e9e<\/h3>\n<p>Bien que le ch\u00eane ait d\u00e9j\u00e0 naturellement une belle teinte chaude, il est int\u00e9ressant d&rsquo;avoir le choix. C&rsquo;est pourquoi nos meubles en ch\u00eane sont disponibles en 4 couleurs magnifiques, afin que vous puissiez choisir celle qui est la plus adapt\u00e9e \u00e0 votre int\u00e9rieur. Que vous pr\u00e9f\u00e9riez une finition sombre classique qui ajoute une touche d&rsquo;\u00e9l\u00e9gance, une teinte claire qui cr\u00e9e une impression d&rsquo;a\u00e9ration et d&rsquo;espace, ou quelque chose entre les deux, notre palette de couleurs offre des possibilit\u00e9s pour tous.[\/vc_column_text][vc_column_text css=\u00a0\u00bb\u00a0\u00bb woodmart_inline=\u00a0\u00bbno\u00a0\u00bb text_larger=\u00a0\u00bbno\u00a0\u00bb]<\/p>\n<h3>Conclusion<\/h3>\n<p>Les meubles en ch\u00eane de Sarah mo ne sont pas des meubles comme les autres ; ils repr\u00e9sentent un investissement dans l&rsquo;\u00e9l\u00e9gance intemporelle et la durabilit\u00e9. Avec l&rsquo;option de personnalisation et une palette de couleurs qui s&rsquo;adapte \u00e0 diff\u00e9rents go\u00fbts et styles d&rsquo;int\u00e9rieur, ils sont le choix parfait pour les fans de charme rustique et de classe intemporelle. Apportez la chaleur et la beaut\u00e9 du ch\u00eane dans votre maison et cr\u00e9ez un espace qui n&rsquo;est pas seulement beau, mais aussi le reflet de votre personnalit\u00e9 et de votre style.[\/vc_column_text][vc_column_text css=\u00a0\u00bb\u00a0\u00bb woodmart_inline=\u00a0\u00bbno\u00a0\u00bb text_larger=\u00a0\u00bbno\u00a0\u00bb]<\/p>\n<p>&nbsp;<\/p>\n<p>&nbsp;<\/p>\n<p>&nbsp;<\/p>\n<p>[\/vc_column_text][\/vc_column][\/vc_row][vc_row content_placement=\u00a0\u00bbmiddle\u00a0\u00bb woodmart_css_id=\u00a0\u00bb662f8930c419c\u00a0\u00bb responsive_spacing=\u00a0\u00bbeyJwYXJhbV90eXBlIjoid29vZG1hcnRfcmVzcG9uc2l2ZV9zcGFjaW5nIiwic2VsZWN0b3JfaWQiOiI2NjJmODkzMGM0MTljIiwic2hvcnRjb2RlIjoidmNfcm93IiwiZGF0YSI6eyJ0YWJsZXQiOnt9LCJtb2JpbGUiOnt9fX0=\u00a0\u00bb mobile_bg_img_hidden=\u00a0\u00bbno\u00a0\u00bb tablet_bg_img_hidden=\u00a0\u00bbno\u00a0\u00bb woodmart_parallax=\u00a0\u00bb0&Prime; woodmart_gradient_switch=\u00a0\u00bbno\u00a0\u00bb woodmart_box_shadow=\u00a0\u00bbno\u00a0\u00bb wd_z_index=\u00a0\u00bbno\u00a0\u00bb woodmart_disable_overflow=\u00a0\u00bb0&Prime; row_reverse_mobile=\u00a0\u00bb0&Prime; row_reverse_tablet=\u00a0\u00bb0&Prime;][vc_column width=\u00a0\u00bb1\/2&Prime;]\t\t<div id=\"gallery_727\" class=\"wd-images-gallery wd-wpb wd-rs-662f8fdc8b82b photoswipe-images\" style=\"--wd-justify-content:left;--wd-align-items:center;\">\n\t\t\t\n\t\t\t<div class=\" wd-grid-g\" style=\"--wd-col-lg:1;--wd-col-md:1;--wd-col-sm:1;--wd-gap-lg:0px;\">\n\t\t\t\t\n\t\t\t\t\t\t\t\t\t\t\t\t\t\t\t<div class=\"wd-gallery-item wd-col\">\n\t\t\t\t\t\t\t\t\t\t\t\t\t\t<a href=\"https:\/\/www.sarahmo.be\/site\/wp-content\/uploads\/eikenmeubelen-3.jpg\" data-elementor-open-lightbox=\"no\" data-index=\"1\" data-width=\"669\" data-height=\"669\" \n\t\t\t\t\t\t\t\t\t\t\t\t >\n\t\t\t\t\t\t\t\t\n\t\t\t\t\t\t\t\t<img decoding=\"async\" width=\"669\" height=\"669\" src=\"https:\/\/www.sarahmo.be\/site\/wp-content\/uploads\/eikenmeubelen-3.jpg\" class=\"wd-gallery-image image-1\" alt=\"\" srcset=\"https:\/\/www.sarahmo.be\/site\/wp-content\/uploads\/eikenmeubelen-3.jpg 669w, https:\/\/www.sarahmo.be\/site\/wp-content\/uploads\/eikenmeubelen-3-300x300.jpg 300w, https:\/\/www.sarahmo.be\/site\/wp-content\/uploads\/eikenmeubelen-3-150x150.jpg 150w, https:\/\/www.sarahmo.be\/site\/wp-content\/uploads\/eikenmeubelen-3-500x500.jpg 500w\" sizes=\"(max-width: 669px) 100vw, 669px\" \/>\n\t\t\t\t\t\t\t\t\t\t\t\t\t\t\t<\/a>\n\t\t\t\t\t\t\t\t\t\t\t\t<\/div>\n\t\t\t\t\t\t\t\t\t\n\t\t\t\t\t\t\t<\/div>\n\n\t\t\t\t\t<\/div>\n\t\t[\/vc_column][vc_column width=\u00a0\u00bb1\/2&Prime;]\t\t<div id=\"gallery_641\" class=\"wd-images-gallery wd-wpb wd-rs-66671a775f407 photoswipe-images\" style=\"--wd-justify-content:left;--wd-align-items:center;\">\n\t\t\t\n\t\t\t<div class=\" wd-grid-g\" style=\"--wd-col-lg:1;--wd-col-md:1;--wd-col-sm:1;--wd-gap-lg:0px;\">\n\t\t\t\t\n\t\t\t\t\t\t\t\t\t\t\t\t\t\t\t<div class=\"wd-gallery-item wd-col\">\n\t\t\t\t\t\t\t\t\t\t\t\t\t\t<a href=\"\" data-elementor-open-lightbox=\"no\" data-index=\"1\" data-width=\"\" data-height=\"\" \n\t\t\t\t\t\t\t\t\t\t\t\t >\n\t\t\t\t\t\t\t\t\n\t\t\t\t\t\t\t\t\n\t\t\t\t\t\t\t\t\t\t\t\t\t\t\t<\/a>\n\t\t\t\t\t\t\t\t\t\t\t\t<\/div>\n\t\t\t\t\t\t\t\t\t\n\t\t\t\t\t\t\t<\/div>\n\n\t\t\t\t\t<\/div>\n\t\t[\/vc_column][\/vc_row]<\/p>\n<\/div>","protected":false},"excerpt":{"rendered":"<p>[vc_row full_width=\u00a0\u00bbstretch_row\u00a0\u00bb woodmart_css_id=\u00a0\u00bb662fc233b61c2&Prime; responsive_spacing=\u00a0\u00bbeyJwYXJhbV90eXBlIjoid29vZG1hcnRfcmVzcG9uc2l2ZV9zcGFjaW5nIiwic2VsZWN0b3JfaWQiOiI2NjJmYzIzM2I2MWMyIiwic2hvcnRjb2RlIjoidmNfcm93IiwiZGF0YSI6eyJ0YWJsZXQiOnt9LCJtb2JpbGUiOnt9fX0=\u00a0\u00bb mobile_bg_img_hidden=\u00a0\u00bbno\u00a0\u00bb tablet_bg_img_hidden=\u00a0\u00bbno\u00a0\u00bb woodmart_parallax=\u00a0\u00bb0&Prime; woodmart_gradient_switch=\u00a0\u00bbno\u00a0\u00bb woodmart_box_shadow=\u00a0\u00bbno\u00a0\u00bb wd_z_index=\u00a0\u00bbno\u00a0\u00bb woodmart_disable_overflow=\u00a0\u00bb0&Prime; row_reverse_mobile=\u00a0\u00bb0&Prime; row_reverse_tablet=\u00a0\u00bb0&Prime;][vc_column width=\u00a0\u00bb1\/2&Prime;][vc_column_text css=\u00a0\u00bb\u00a0\u00bb woodmart_inline=\u00a0\u00bbno\u00a0\u00bb text_larger=\u00a0\u00bbno\u00a0\u00bb] &nbsp; [\/vc_column_text][vc_column_text css=\u00a0\u00bb\u00a0\u00bb<\/p>\n","protected":false},"author":187,"featured_media":22743,"comment_status":"closed","ping_status":"closed","sticky":false,"template":"","format":"standard","meta":{"footnotes":""},"categories":[3919],"tags":[],"class_list":["post-22716","post","type-post","status-publish","format-standard","has-post-thumbnail","hentry","category-blog-fr"],"yoast_head":"<!-- This site is optimized with the Yoast SEO plugin v27.4 - https:\/\/yoast.com\/product\/yoast-seo-wordpress\/ -->\n<title>Sarah Mo - \u00c9l\u00e9gance intemporelle : meubles en ch\u00eane<\/title>\n<meta name=\"description\" content=\"Les meubles en ch\u00eane de Sarah Mo. Des \u00e9l\u00e9gantes pi\u00e8ces standard aux pi\u00e8ces exclusives fabriqu\u00e9es sur mesure,\" \/>\n<meta name=\"robots\" content=\"noindex, follow\" \/>\n<meta property=\"og:locale\" content=\"fr_FR\" \/>\n<meta property=\"og:type\" content=\"article\" \/>\n<meta property=\"og:title\" content=\"Sarah Mo - \u00c9l\u00e9gance intemporelle : meubles en ch\u00eane\" \/>\n<meta property=\"og:description\" content=\"Les meubles en ch\u00eane de Sarah Mo. Des \u00e9l\u00e9gantes pi\u00e8ces standard aux pi\u00e8ces exclusives fabriqu\u00e9es sur mesure,\" \/>\n<meta property=\"og:url\" content=\"https:\/\/www.sarahmo.be\/fr\/elegance-intemporelle-meubles-en-chene\/\" \/>\n<meta property=\"og:site_name\" content=\"Sarah Mo\" \/>\n<meta property=\"article:publisher\" content=\"https:\/\/www.facebook.com\/SarahMofurniturestore\/\" \/>\n<meta property=\"article:published_time\" content=\"2024-04-29T12:18:22+00:00\" \/>\n<meta property=\"article:modified_time\" content=\"2024-06-10T15:26:41+00:00\" \/>\n<meta property=\"og:image\" content=\"https:\/\/www.sarahmo.be\/site\/wp-content\/uploads\/Victoria-Landelijke-meubelen-van-Sarah-Mo-interieurs.-prachtige-eiken-of-teak-meubelen-maatwerkwerk-verkrijgbaar.-Decoratie-en-meubelen-sarah-mo-uw-meubel-decoratie-woonwinke.jpg\" \/>\n\t<meta property=\"og:image:width\" content=\"1372\" \/>\n\t<meta property=\"og:image:height\" content=\"1372\" \/>\n\t<meta property=\"og:image:type\" content=\"image\/jpeg\" \/>\n<meta name=\"author\" content=\"Johan\" \/>\n<meta name=\"twitter:card\" content=\"summary_large_image\" \/>\n<meta name=\"twitter:label1\" content=\"\u00c9crit par\" \/>\n\t<meta name=\"twitter:data1\" content=\"Johan\" \/>\n\t<meta name=\"twitter:label2\" content=\"Dur\u00e9e de lecture estim\u00e9e\" \/>\n\t<meta name=\"twitter:data2\" content=\"4 minutes\" \/>\n<script type=\"application\/ld+json\" class=\"yoast-schema-graph\">{\"@context\":\"https:\\\/\\\/schema.org\",\"@graph\":[{\"@type\":\"Article\",\"@id\":\"https:\\\/\\\/www.sarahmo.be\\\/fr\\\/elegance-intemporelle-meubles-en-chene\\\/#article\",\"isPartOf\":{\"@id\":\"https:\\\/\\\/www.sarahmo.be\\\/fr\\\/elegance-intemporelle-meubles-en-chene\\\/\"},\"author\":{\"name\":\"Johan\",\"@id\":\"https:\\\/\\\/www.sarahmo.be\\\/fr\\\/#\\\/schema\\\/person\\\/051cfb36bdc195a49ff8b858435d8c48\"},\"headline\":\"\u00c9l\u00e9gance intemporelle : meubles en ch\u00eane\",\"datePublished\":\"2024-04-29T12:18:22+00:00\",\"dateModified\":\"2024-06-10T15:26:41+00:00\",\"mainEntityOfPage\":{\"@id\":\"https:\\\/\\\/www.sarahmo.be\\\/fr\\\/elegance-intemporelle-meubles-en-chene\\\/\"},\"wordCount\":1152,\"publisher\":{\"@id\":\"https:\\\/\\\/www.sarahmo.be\\\/fr\\\/#organization\"},\"image\":{\"@id\":\"https:\\\/\\\/www.sarahmo.be\\\/fr\\\/elegance-intemporelle-meubles-en-chene\\\/#primaryimage\"},\"thumbnailUrl\":\"https:\\\/\\\/www.sarahmo.be\\\/site\\\/wp-content\\\/uploads\\\/Victoria-Landelijke-meubelen-van-Sarah-Mo-interieurs.-prachtige-eiken-of-teak-meubelen-maatwerkwerk-verkrijgbaar.-Decoratie-en-meubelen-sarah-mo-uw-meubel-decoratie-woonwinke.jpg\",\"articleSection\":[\"Blog\"],\"inLanguage\":\"fr-FR\"},{\"@type\":\"WebPage\",\"@id\":\"https:\\\/\\\/www.sarahmo.be\\\/fr\\\/elegance-intemporelle-meubles-en-chene\\\/\",\"url\":\"https:\\\/\\\/www.sarahmo.be\\\/fr\\\/elegance-intemporelle-meubles-en-chene\\\/\",\"name\":\"Sarah Mo - \u00c9l\u00e9gance intemporelle : meubles en ch\u00eane\",\"isPartOf\":{\"@id\":\"https:\\\/\\\/www.sarahmo.be\\\/fr\\\/#website\"},\"primaryImageOfPage\":{\"@id\":\"https:\\\/\\\/www.sarahmo.be\\\/fr\\\/elegance-intemporelle-meubles-en-chene\\\/#primaryimage\"},\"image\":{\"@id\":\"https:\\\/\\\/www.sarahmo.be\\\/fr\\\/elegance-intemporelle-meubles-en-chene\\\/#primaryimage\"},\"thumbnailUrl\":\"https:\\\/\\\/www.sarahmo.be\\\/site\\\/wp-content\\\/uploads\\\/Victoria-Landelijke-meubelen-van-Sarah-Mo-interieurs.-prachtige-eiken-of-teak-meubelen-maatwerkwerk-verkrijgbaar.-Decoratie-en-meubelen-sarah-mo-uw-meubel-decoratie-woonwinke.jpg\",\"datePublished\":\"2024-04-29T12:18:22+00:00\",\"dateModified\":\"2024-06-10T15:26:41+00:00\",\"description\":\"Les meubles en ch\u00eane de Sarah Mo. Des \u00e9l\u00e9gantes pi\u00e8ces standard aux pi\u00e8ces exclusives fabriqu\u00e9es sur mesure,\",\"breadcrumb\":{\"@id\":\"https:\\\/\\\/www.sarahmo.be\\\/fr\\\/elegance-intemporelle-meubles-en-chene\\\/#breadcrumb\"},\"inLanguage\":\"fr-FR\",\"potentialAction\":[{\"@type\":\"ReadAction\",\"target\":[\"https:\\\/\\\/www.sarahmo.be\\\/fr\\\/elegance-intemporelle-meubles-en-chene\\\/\"]}]},{\"@type\":\"ImageObject\",\"inLanguage\":\"fr-FR\",\"@id\":\"https:\\\/\\\/www.sarahmo.be\\\/fr\\\/elegance-intemporelle-meubles-en-chene\\\/#primaryimage\",\"url\":\"https:\\\/\\\/www.sarahmo.be\\\/site\\\/wp-content\\\/uploads\\\/Victoria-Landelijke-meubelen-van-Sarah-Mo-interieurs.-prachtige-eiken-of-teak-meubelen-maatwerkwerk-verkrijgbaar.-Decoratie-en-meubelen-sarah-mo-uw-meubel-decoratie-woonwinke.jpg\",\"contentUrl\":\"https:\\\/\\\/www.sarahmo.be\\\/site\\\/wp-content\\\/uploads\\\/Victoria-Landelijke-meubelen-van-Sarah-Mo-interieurs.-prachtige-eiken-of-teak-meubelen-maatwerkwerk-verkrijgbaar.-Decoratie-en-meubelen-sarah-mo-uw-meubel-decoratie-woonwinke.jpg\",\"width\":1372,\"height\":1372},{\"@type\":\"BreadcrumbList\",\"@id\":\"https:\\\/\\\/www.sarahmo.be\\\/fr\\\/elegance-intemporelle-meubles-en-chene\\\/#breadcrumb\",\"itemListElement\":[{\"@type\":\"ListItem\",\"position\":1,\"name\":\"Accueil\",\"item\":\"https:\\\/\\\/www.sarahmo.be\\\/fr\\\/\"},{\"@type\":\"ListItem\",\"position\":2,\"name\":\"\u00c9l\u00e9gance intemporelle : meubles en ch\u00eane\"}]},{\"@type\":\"WebSite\",\"@id\":\"https:\\\/\\\/www.sarahmo.be\\\/fr\\\/#website\",\"url\":\"https:\\\/\\\/www.sarahmo.be\\\/fr\\\/\",\"name\":\"Sarah Mo\",\"description\":\"Sp\u00e9cialiste du style campagne intemporel\",\"publisher\":{\"@id\":\"https:\\\/\\\/www.sarahmo.be\\\/fr\\\/#organization\"},\"potentialAction\":[{\"@type\":\"SearchAction\",\"target\":{\"@type\":\"EntryPoint\",\"urlTemplate\":\"https:\\\/\\\/www.sarahmo.be\\\/fr\\\/?s={search_term_string}\"},\"query-input\":{\"@type\":\"PropertyValueSpecification\",\"valueRequired\":true,\"valueName\":\"search_term_string\"}}],\"inLanguage\":\"fr-FR\"},{\"@type\":\"Organization\",\"@id\":\"https:\\\/\\\/www.sarahmo.be\\\/fr\\\/#organization\",\"name\":\"Sarah Mo Landelijke meubelen en verlichting\",\"url\":\"https:\\\/\\\/www.sarahmo.be\\\/fr\\\/\",\"logo\":{\"@type\":\"ImageObject\",\"inLanguage\":\"fr-FR\",\"@id\":\"https:\\\/\\\/www.sarahmo.be\\\/fr\\\/#\\\/schema\\\/logo\\\/image\\\/\",\"url\":\"https:\\\/\\\/www.sarahmo.be\\\/site\\\/wp-content\\\/uploads\\\/logo-dark.png\",\"contentUrl\":\"https:\\\/\\\/www.sarahmo.be\\\/site\\\/wp-content\\\/uploads\\\/logo-dark.png\",\"width\":1025,\"height\":120,\"caption\":\"Sarah Mo Landelijke meubelen en verlichting\"},\"image\":{\"@id\":\"https:\\\/\\\/www.sarahmo.be\\\/fr\\\/#\\\/schema\\\/logo\\\/image\\\/\"},\"sameAs\":[\"https:\\\/\\\/www.facebook.com\\\/SarahMofurniturestore\\\/\"]},{\"@type\":\"Person\",\"@id\":\"https:\\\/\\\/www.sarahmo.be\\\/fr\\\/#\\\/schema\\\/person\\\/051cfb36bdc195a49ff8b858435d8c48\",\"name\":\"Johan\",\"image\":{\"@type\":\"ImageObject\",\"inLanguage\":\"fr-FR\",\"@id\":\"https:\\\/\\\/secure.gravatar.com\\\/avatar\\\/5d19bfaa70d92d88e944d032edf8aa6dc4a9ee91e9d9c4a5c109af81d8c087f9?s=96&d=mm&r=g\",\"url\":\"https:\\\/\\\/secure.gravatar.com\\\/avatar\\\/5d19bfaa70d92d88e944d032edf8aa6dc4a9ee91e9d9c4a5c109af81d8c087f9?s=96&d=mm&r=g\",\"contentUrl\":\"https:\\\/\\\/secure.gravatar.com\\\/avatar\\\/5d19bfaa70d92d88e944d032edf8aa6dc4a9ee91e9d9c4a5c109af81d8c087f9?s=96&d=mm&r=g\",\"caption\":\"Johan\"}}]}<\/script>\n<!-- \/ Yoast SEO plugin. -->","yoast_head_json":{"title":"Sarah Mo - \u00c9l\u00e9gance intemporelle : meubles en ch\u00eane","description":"Les meubles en ch\u00eane de Sarah Mo. Des \u00e9l\u00e9gantes pi\u00e8ces standard aux pi\u00e8ces exclusives fabriqu\u00e9es sur mesure,","robots":{"index":"noindex","follow":"follow"},"og_locale":"fr_FR","og_type":"article","og_title":"Sarah Mo - \u00c9l\u00e9gance intemporelle : meubles en ch\u00eane","og_description":"Les meubles en ch\u00eane de Sarah Mo. Des \u00e9l\u00e9gantes pi\u00e8ces standard aux pi\u00e8ces exclusives fabriqu\u00e9es sur mesure,","og_url":"https:\/\/www.sarahmo.be\/fr\/elegance-intemporelle-meubles-en-chene\/","og_site_name":"Sarah Mo","article_publisher":"https:\/\/www.facebook.com\/SarahMofurniturestore\/","article_published_time":"2024-04-29T12:18:22+00:00","article_modified_time":"2024-06-10T15:26:41+00:00","og_image":[{"width":1372,"height":1372,"url":"https:\/\/www.sarahmo.be\/site\/wp-content\/uploads\/Victoria-Landelijke-meubelen-van-Sarah-Mo-interieurs.-prachtige-eiken-of-teak-meubelen-maatwerkwerk-verkrijgbaar.-Decoratie-en-meubelen-sarah-mo-uw-meubel-decoratie-woonwinke.jpg","type":"image\/jpeg"}],"author":"Johan","twitter_card":"summary_large_image","twitter_misc":{"\u00c9crit par":"Johan","Dur\u00e9e de lecture estim\u00e9e":"4 minutes"},"schema":{"@context":"https:\/\/schema.org","@graph":[{"@type":"Article","@id":"https:\/\/www.sarahmo.be\/fr\/elegance-intemporelle-meubles-en-chene\/#article","isPartOf":{"@id":"https:\/\/www.sarahmo.be\/fr\/elegance-intemporelle-meubles-en-chene\/"},"author":{"name":"Johan","@id":"https:\/\/www.sarahmo.be\/fr\/#\/schema\/person\/051cfb36bdc195a49ff8b858435d8c48"},"headline":"\u00c9l\u00e9gance intemporelle : meubles en ch\u00eane","datePublished":"2024-04-29T12:18:22+00:00","dateModified":"2024-06-10T15:26:41+00:00","mainEntityOfPage":{"@id":"https:\/\/www.sarahmo.be\/fr\/elegance-intemporelle-meubles-en-chene\/"},"wordCount":1152,"publisher":{"@id":"https:\/\/www.sarahmo.be\/fr\/#organization"},"image":{"@id":"https:\/\/www.sarahmo.be\/fr\/elegance-intemporelle-meubles-en-chene\/#primaryimage"},"thumbnailUrl":"https:\/\/www.sarahmo.be\/site\/wp-content\/uploads\/Victoria-Landelijke-meubelen-van-Sarah-Mo-interieurs.-prachtige-eiken-of-teak-meubelen-maatwerkwerk-verkrijgbaar.-Decoratie-en-meubelen-sarah-mo-uw-meubel-decoratie-woonwinke.jpg","articleSection":["Blog"],"inLanguage":"fr-FR"},{"@type":"WebPage","@id":"https:\/\/www.sarahmo.be\/fr\/elegance-intemporelle-meubles-en-chene\/","url":"https:\/\/www.sarahmo.be\/fr\/elegance-intemporelle-meubles-en-chene\/","name":"Sarah Mo - \u00c9l\u00e9gance intemporelle : meubles en ch\u00eane","isPartOf":{"@id":"https:\/\/www.sarahmo.be\/fr\/#website"},"primaryImageOfPage":{"@id":"https:\/\/www.sarahmo.be\/fr\/elegance-intemporelle-meubles-en-chene\/#primaryimage"},"image":{"@id":"https:\/\/www.sarahmo.be\/fr\/elegance-intemporelle-meubles-en-chene\/#primaryimage"},"thumbnailUrl":"https:\/\/www.sarahmo.be\/site\/wp-content\/uploads\/Victoria-Landelijke-meubelen-van-Sarah-Mo-interieurs.-prachtige-eiken-of-teak-meubelen-maatwerkwerk-verkrijgbaar.-Decoratie-en-meubelen-sarah-mo-uw-meubel-decoratie-woonwinke.jpg","datePublished":"2024-04-29T12:18:22+00:00","dateModified":"2024-06-10T15:26:41+00:00","description":"Les meubles en ch\u00eane de Sarah Mo. Des \u00e9l\u00e9gantes pi\u00e8ces standard aux pi\u00e8ces exclusives fabriqu\u00e9es sur mesure,","breadcrumb":{"@id":"https:\/\/www.sarahmo.be\/fr\/elegance-intemporelle-meubles-en-chene\/#breadcrumb"},"inLanguage":"fr-FR","potentialAction":[{"@type":"ReadAction","target":["https:\/\/www.sarahmo.be\/fr\/elegance-intemporelle-meubles-en-chene\/"]}]},{"@type":"ImageObject","inLanguage":"fr-FR","@id":"https:\/\/www.sarahmo.be\/fr\/elegance-intemporelle-meubles-en-chene\/#primaryimage","url":"https:\/\/www.sarahmo.be\/site\/wp-content\/uploads\/Victoria-Landelijke-meubelen-van-Sarah-Mo-interieurs.-prachtige-eiken-of-teak-meubelen-maatwerkwerk-verkrijgbaar.-Decoratie-en-meubelen-sarah-mo-uw-meubel-decoratie-woonwinke.jpg","contentUrl":"https:\/\/www.sarahmo.be\/site\/wp-content\/uploads\/Victoria-Landelijke-meubelen-van-Sarah-Mo-interieurs.-prachtige-eiken-of-teak-meubelen-maatwerkwerk-verkrijgbaar.-Decoratie-en-meubelen-sarah-mo-uw-meubel-decoratie-woonwinke.jpg","width":1372,"height":1372},{"@type":"BreadcrumbList","@id":"https:\/\/www.sarahmo.be\/fr\/elegance-intemporelle-meubles-en-chene\/#breadcrumb","itemListElement":[{"@type":"ListItem","position":1,"name":"Accueil","item":"https:\/\/www.sarahmo.be\/fr\/"},{"@type":"ListItem","position":2,"name":"\u00c9l\u00e9gance intemporelle : meubles en ch\u00eane"}]},{"@type":"WebSite","@id":"https:\/\/www.sarahmo.be\/fr\/#website","url":"https:\/\/www.sarahmo.be\/fr\/","name":"Sarah Mo","description":"Sp\u00e9cialiste du style campagne intemporel","publisher":{"@id":"https:\/\/www.sarahmo.be\/fr\/#organization"},"potentialAction":[{"@type":"SearchAction","target":{"@type":"EntryPoint","urlTemplate":"https:\/\/www.sarahmo.be\/fr\/?s={search_term_string}"},"query-input":{"@type":"PropertyValueSpecification","valueRequired":true,"valueName":"search_term_string"}}],"inLanguage":"fr-FR"},{"@type":"Organization","@id":"https:\/\/www.sarahmo.be\/fr\/#organization","name":"Sarah Mo Landelijke meubelen en verlichting","url":"https:\/\/www.sarahmo.be\/fr\/","logo":{"@type":"ImageObject","inLanguage":"fr-FR","@id":"https:\/\/www.sarahmo.be\/fr\/#\/schema\/logo\/image\/","url":"https:\/\/www.sarahmo.be\/site\/wp-content\/uploads\/logo-dark.png","contentUrl":"https:\/\/www.sarahmo.be\/site\/wp-content\/uploads\/logo-dark.png","width":1025,"height":120,"caption":"Sarah Mo Landelijke meubelen en verlichting"},"image":{"@id":"https:\/\/www.sarahmo.be\/fr\/#\/schema\/logo\/image\/"},"sameAs":["https:\/\/www.facebook.com\/SarahMofurniturestore\/"]},{"@type":"Person","@id":"https:\/\/www.sarahmo.be\/fr\/#\/schema\/person\/051cfb36bdc195a49ff8b858435d8c48","name":"Johan","image":{"@type":"ImageObject","inLanguage":"fr-FR","@id":"https:\/\/secure.gravatar.com\/avatar\/5d19bfaa70d92d88e944d032edf8aa6dc4a9ee91e9d9c4a5c109af81d8c087f9?s=96&d=mm&r=g","url":"https:\/\/secure.gravatar.com\/avatar\/5d19bfaa70d92d88e944d032edf8aa6dc4a9ee91e9d9c4a5c109af81d8c087f9?s=96&d=mm&r=g","contentUrl":"https:\/\/secure.gravatar.com\/avatar\/5d19bfaa70d92d88e944d032edf8aa6dc4a9ee91e9d9c4a5c109af81d8c087f9?s=96&d=mm&r=g","caption":"Johan"}}]}},"_links":{"self":[{"href":"https:\/\/www.sarahmo.be\/fr\/wp-json\/wp\/v2\/posts\/22716","targetHints":{"allow":["GET"]}}],"collection":[{"href":"https:\/\/www.sarahmo.be\/fr\/wp-json\/wp\/v2\/posts"}],"about":[{"href":"https:\/\/www.sarahmo.be\/fr\/wp-json\/wp\/v2\/types\/post"}],"author":[{"embeddable":true,"href":"https:\/\/www.sarahmo.be\/fr\/wp-json\/wp\/v2\/users\/187"}],"replies":[{"embeddable":true,"href":"https:\/\/www.sarahmo.be\/fr\/wp-json\/wp\/v2\/comments?post=22716"}],"version-history":[{"count":0,"href":"https:\/\/www.sarahmo.be\/fr\/wp-json\/wp\/v2\/posts\/22716\/revisions"}],"wp:featuredmedia":[{"embeddable":true,"href":"https:\/\/www.sarahmo.be\/fr\/wp-json\/wp\/v2\/media\/22743"}],"wp:attachment":[{"href":"https:\/\/www.sarahmo.be\/fr\/wp-json\/wp\/v2\/media?parent=22716"}],"wp:term":[{"taxonomy":"category","embeddable":true,"href":"https:\/\/www.sarahmo.be\/fr\/wp-json\/wp\/v2\/categories?post=22716"},{"taxonomy":"post_tag","embeddable":true,"href":"https:\/\/www.sarahmo.be\/fr\/wp-json\/wp\/v2\/tags?post=22716"}],"curies":[{"name":"wp","href":"https:\/\/api.w.org\/{rel}","templated":true}]}}