{"id":22804,"date":"2024-05-17T16:22:08","date_gmt":"2024-05-17T14:22:08","guid":{"rendered":"https:\/\/www.sarahmo.be\/?p=22804"},"modified":"2024-06-10T17:41:52","modified_gmt":"2024-06-10T15:41:52","slug":"creez-une-oasis-rurale-de-tranquillite-dans-votre-salle-de-bains","status":"publish","type":"post","link":"https:\/\/www.sarahmo.be\/fr\/creez-une-oasis-rurale-de-tranquillite-dans-votre-salle-de-bains\/","title":{"rendered":"Cr\u00e9ez une oasis rurale de tranquillit\u00e9 dans votre salle de bains"},"content":{"rendered":"<div class=\"wpb-content-wrapper\"><p>[vc_row full_width=\u00a0\u00bbstretch_row\u00a0\u00bb woodmart_css_id=\u00a0\u00bb662fc233b61c2&Prime; responsive_spacing=\u00a0\u00bbeyJwYXJhbV90eXBlIjoid29vZG1hcnRfcmVzcG9uc2l2ZV9zcGFjaW5nIiwic2VsZWN0b3JfaWQiOiI2NjJmYzIzM2I2MWMyIiwic2hvcnRjb2RlIjoidmNfcm93IiwiZGF0YSI6eyJ0YWJsZXQiOnt9LCJtb2JpbGUiOnt9fX0=\u00a0\u00bb mobile_bg_img_hidden=\u00a0\u00bbno\u00a0\u00bb tablet_bg_img_hidden=\u00a0\u00bbno\u00a0\u00bb woodmart_parallax=\u00a0\u00bb0&Prime; woodmart_gradient_switch=\u00a0\u00bbno\u00a0\u00bb woodmart_box_shadow=\u00a0\u00bbno\u00a0\u00bb wd_z_index=\u00a0\u00bbno\u00a0\u00bb woodmart_disable_overflow=\u00a0\u00bb0&Prime; row_reverse_mobile=\u00a0\u00bb0&Prime; row_reverse_tablet=\u00a0\u00bb0&Prime;][vc_column width=\u00a0\u00bb1\/2&Prime;][vc_column_text css=\u00a0\u00bb\u00a0\u00bb woodmart_inline=\u00a0\u00bbno\u00a0\u00bb text_larger=\u00a0\u00bbno\u00a0\u00bb]<\/p>\n<p>&nbsp;<\/p>\n<p>[\/vc_column_text][vc_column_text css=\u00a0\u00bb\u00a0\u00bb woodmart_inline=\u00a0\u00bbno\u00a0\u00bb text_larger=\u00a0\u00bbno\u00a0\u00bb]<\/p>\n<h2>Cr\u00e9ez une oasis rurale de tranquillit\u00e9 dans votre salle de bains<\/h2>\n<p>Vous souhaitez transformer votre salle de bains en un lieu de s\u00e9r\u00e9nit\u00e9, o\u00f9 la simplicit\u00e9 et le bien-\u00eatre sont r\u00e9unis? Dans ce cas, optez pour le style campagnard de Sarah Mo, o\u00f9 les \u00e9l\u00e9ments naturels et les tons chauds cr\u00e9ent un sentiment de bien-\u00eatre et d&rsquo;harmonie. Avec la belle collection de salles de bains rustiques de Sarah Mo, o\u00f9 le bois occupe une position centrale, vous pouvez r\u00e9aliser ce r\u00eave. Voici quelques conseils pour enrichir votre salle de bain d&rsquo;un charme rustique et d&rsquo;un sentiment de bien-\u00eatre pur.<\/p>\n<p>[\/vc_column_text][vc_column_text css=\u00a0\u00bb\u00a0\u00bb woodmart_inline=\u00a0\u00bbno\u00a0\u00bb text_larger=\u00a0\u00bbno\u00a0\u00bb]<\/p>\n<h2>Mat\u00e9riaux naturels<\/h2>\n<p>Choisissez des mat\u00e9riaux naturels tels que le bois, la pierre et le rotin pour cr\u00e9er une atmosph\u00e8re chaleureuse et accueillante. Sarah Mo propose une gamme de meubles et d&rsquo;accessoires de salle de bains en bois qui s&rsquo;int\u00e8grent parfaitement dans un d\u00e9cor campagnard. Des meubles en bois rustiques jusqu&rsquo;aux \u00e9l\u00e9gantes armoires de rangement, chaque pi\u00e8ce respire la beaut\u00e9 de la nature.<\/p>\n<p>[\/vc_column_text][\/vc_column][vc_column width=\u00a0\u00bb1\/2&Prime;]\t\t<div id=\"gallery_959\" class=\"wd-images-gallery wd-wpb wd-rs-664766945503b photoswipe-images\" style=\"--wd-justify-content:left;--wd-align-items:center;\">\n\t\t\t\n\t\t\t<div class=\" wd-grid-g\" style=\"--wd-col-lg:1;--wd-col-md:1;--wd-col-sm:1;--wd-gap-lg:0px;\">\n\t\t\t\t\n\t\t\t\t\t\t\t\t\t\t\t\t\t\t\t<div class=\"wd-gallery-item wd-col\">\n\t\t\t\t\t\t\t\t\t\t\t\t\t\t<a href=\"https:\/\/www.sarahmo.be\/site\/wp-content\/uploads\/BATH-785-sfeer-1.jpg\" data-elementor-open-lightbox=\"no\" data-index=\"1\" data-width=\"1067\" data-height=\"1067\" \n\t\t\t\t\t\t\t\t\t\t\t\t >\n\t\t\t\t\t\t\t\t\n\t\t\t\t\t\t\t\t<img decoding=\"async\" width=\"1067\" height=\"1067\" src=\"https:\/\/www.sarahmo.be\/site\/wp-content\/uploads\/BATH-785-sfeer-1.jpg\" class=\"wd-gallery-image image-1\" alt=\"\" srcset=\"https:\/\/www.sarahmo.be\/site\/wp-content\/uploads\/BATH-785-sfeer-1.jpg 1067w, https:\/\/www.sarahmo.be\/site\/wp-content\/uploads\/BATH-785-sfeer-1-300x300.jpg 300w, https:\/\/www.sarahmo.be\/site\/wp-content\/uploads\/BATH-785-sfeer-1-1024x1024.jpg 1024w, https:\/\/www.sarahmo.be\/site\/wp-content\/uploads\/BATH-785-sfeer-1-150x150.jpg 150w, https:\/\/www.sarahmo.be\/site\/wp-content\/uploads\/BATH-785-sfeer-1-768x768.jpg 768w, https:\/\/www.sarahmo.be\/site\/wp-content\/uploads\/BATH-785-sfeer-1-1000x1000.jpg 1000w, https:\/\/www.sarahmo.be\/site\/wp-content\/uploads\/BATH-785-sfeer-1-500x500.jpg 500w, https:\/\/www.sarahmo.be\/site\/wp-content\/uploads\/BATH-785-sfeer-1-800x800.jpg 800w\" sizes=\"(max-width: 1067px) 100vw, 1067px\" \/>\n\t\t\t\t\t\t\t\t\t\t\t\t\t\t\t<\/a>\n\t\t\t\t\t\t\t\t\t\t\t\t<\/div>\n\t\t\t\t\t\t\t\t\t\n\t\t\t\t\t\t\t<\/div>\n\n\t\t\t\t\t<\/div>\n\t\t[\/vc_column][\/vc_row][vc_row content_placement=\u00a0\u00bbmiddle\u00a0\u00bb woodmart_css_id=\u00a0\u00bb662f8a1c8f017&Prime; responsive_spacing=\u00a0\u00bbeyJwYXJhbV90eXBlIjoid29vZG1hcnRfcmVzcG9uc2l2ZV9zcGFjaW5nIiwic2VsZWN0b3JfaWQiOiI2NjJmOGExYzhmMDE3Iiwic2hvcnRjb2RlIjoidmNfcm93IiwiZGF0YSI6eyJ0YWJsZXQiOnt9LCJtb2JpbGUiOnt9fX0=\u00a0\u00bb mobile_bg_img_hidden=\u00a0\u00bbno\u00a0\u00bb tablet_bg_img_hidden=\u00a0\u00bbno\u00a0\u00bb woodmart_parallax=\u00a0\u00bb0&Prime; woodmart_gradient_switch=\u00a0\u00bbno\u00a0\u00bb woodmart_box_shadow=\u00a0\u00bbno\u00a0\u00bb wd_z_index=\u00a0\u00bbno\u00a0\u00bb woodmart_disable_overflow=\u00a0\u00bb0&Prime; row_reverse_mobile=\u00a0\u00bb0&Prime; row_reverse_tablet=\u00a0\u00bb0&Prime;][vc_column width=\u00a0\u00bb1\/2&Prime;]\t\t<div id=\"gallery_242\" class=\"wd-images-gallery wd-wpb wd-rs-66476709caeb7 photoswipe-images\" style=\"--wd-justify-content:left;--wd-align-items:center;\">\n\t\t\t\n\t\t\t<div class=\" wd-grid-g\" style=\"--wd-col-lg:1;--wd-col-md:1;--wd-col-sm:1;--wd-gap-lg:0px;\">\n\t\t\t\t\n\t\t\t\t\t\t\t\t\t\t\t\t\t\t\t<div class=\"wd-gallery-item wd-col\">\n\t\t\t\t\t\t\t\t\t\t\t\t\t\t<a href=\"https:\/\/www.sarahmo.be\/site\/wp-content\/uploads\/BATH-333-sfeer-1.jpg\" data-elementor-open-lightbox=\"no\" data-index=\"1\" data-width=\"1034\" data-height=\"1034\" \n\t\t\t\t\t\t\t\t\t\t\t\t >\n\t\t\t\t\t\t\t\t\n\t\t\t\t\t\t\t\t<img decoding=\"async\" width=\"1034\" height=\"1034\" src=\"https:\/\/www.sarahmo.be\/site\/wp-content\/uploads\/BATH-333-sfeer-1.jpg\" class=\"wd-gallery-image image-1\" alt=\"\" srcset=\"https:\/\/www.sarahmo.be\/site\/wp-content\/uploads\/BATH-333-sfeer-1.jpg 1034w, https:\/\/www.sarahmo.be\/site\/wp-content\/uploads\/BATH-333-sfeer-1-300x300.jpg 300w, https:\/\/www.sarahmo.be\/site\/wp-content\/uploads\/BATH-333-sfeer-1-1024x1024.jpg 1024w, https:\/\/www.sarahmo.be\/site\/wp-content\/uploads\/BATH-333-sfeer-1-150x150.jpg 150w, https:\/\/www.sarahmo.be\/site\/wp-content\/uploads\/BATH-333-sfeer-1-768x768.jpg 768w, https:\/\/www.sarahmo.be\/site\/wp-content\/uploads\/BATH-333-sfeer-1-1000x1000.jpg 1000w, https:\/\/www.sarahmo.be\/site\/wp-content\/uploads\/BATH-333-sfeer-1-500x500.jpg 500w, https:\/\/www.sarahmo.be\/site\/wp-content\/uploads\/BATH-333-sfeer-1-800x800.jpg 800w\" sizes=\"(max-width: 1034px) 100vw, 1034px\" \/>\n\t\t\t\t\t\t\t\t\t\t\t\t\t\t\t<\/a>\n\t\t\t\t\t\t\t\t\t\t\t\t<\/div>\n\t\t\t\t\t\t\t\t\t\n\t\t\t\t\t\t\t<\/div>\n\n\t\t\t\t\t<\/div>\n\t\t[vc_column_text css=\u00a0\u00bb\u00a0\u00bb woodmart_inline=\u00a0\u00bbno\u00a0\u00bb text_larger=\u00a0\u00bbno\u00a0\u00bb]<\/p>\n<p>&nbsp;<\/p>\n<p>[\/vc_column_text][\/vc_column][vc_column width=\u00a0\u00bb1\/2&Prime;][vc_column_text css=\u00a0\u00bb\u00a0\u00bb woodmart_inline=\u00a0\u00bbno\u00a0\u00bb text_larger=\u00a0\u00bbno\u00a0\u00bb]<\/p>\n<h2>Couleurs douces<\/h2>\n<p>Utilisez des couleurs douces et terreuses pour cr\u00e9er une ambiance calme et relaxante. Pensez \u00e0 des tons chauds comme le cr\u00e8me, le beige, le taupe et le gris doux pour les murs, les sols et les accessoires. Ces couleurs cr\u00e9ent une ambiance harmonieuse o\u00f9 vous pouvez vous d\u00e9tendre et vous relaxer apr\u00e8s une longue journ\u00e9e.[\/vc_column_text][vc_column_text css=\u00a0\u00bb\u00a0\u00bb woodmart_inline=\u00a0\u00bbno\u00a0\u00bb text_larger=\u00a0\u00bbno\u00a0\u00bb]<\/p>\n<h2>\u00c9l\u00e9ments d\u00e9coratifs<\/h2>\n<p>Ajoutez quelques touches d\u00e9coratives pour renforcer l&rsquo;aspect campagard de votre salle de bain. Quelques ajouts simples, comme une plante verte dans un joli pot, apportent la beaut\u00e9 natnurelle de l&rsquo;ext\u00e9rieur \u00e0 l&rsquo;int\u00e9rieur. Une \u00e9chelle en bois de rotin permet de suspendre les serviettes de fa\u00e7on pratique et \u00e9l\u00e9gante, tout en ajoutant une touche de charme rustique \u00e0 l&rsquo;espace.<\/p>\n<p>[\/vc_column_text][vc_column_text css=\u00a0\u00bb\u00a0\u00bb woodmart_inline=\u00a0\u00bbno\u00a0\u00bb text_larger=\u00a0\u00bbno\u00a0\u00bb]<\/p>\n<p>&nbsp;<\/p>\n<p>&nbsp;<\/p>\n<p>[\/vc_column_text][\/vc_column][\/vc_row][vc_row content_placement=\u00a0\u00bbmiddle\u00a0\u00bb woodmart_css_id=\u00a0\u00bb662f8930c419c\u00a0\u00bb responsive_spacing=\u00a0\u00bbeyJwYXJhbV90eXBlIjoid29vZG1hcnRfcmVzcG9uc2l2ZV9zcGFjaW5nIiwic2VsZWN0b3JfaWQiOiI2NjJmODkzMGM0MTljIiwic2hvcnRjb2RlIjoidmNfcm93IiwiZGF0YSI6eyJ0YWJsZXQiOnt9LCJtb2JpbGUiOnt9fX0=\u00a0\u00bb mobile_bg_img_hidden=\u00a0\u00bbno\u00a0\u00bb tablet_bg_img_hidden=\u00a0\u00bbno\u00a0\u00bb woodmart_parallax=\u00a0\u00bb0&Prime; woodmart_gradient_switch=\u00a0\u00bbno\u00a0\u00bb woodmart_box_shadow=\u00a0\u00bbno\u00a0\u00bb wd_z_index=\u00a0\u00bbno\u00a0\u00bb woodmart_disable_overflow=\u00a0\u00bb0&Prime; row_reverse_mobile=\u00a0\u00bb0&Prime; row_reverse_tablet=\u00a0\u00bb0&Prime;][vc_column width=\u00a0\u00bb1\/2&Prime;][vc_column_text css=\u00a0\u00bb\u00a0\u00bb woodmart_inline=\u00a0\u00bbno\u00a0\u00bb text_larger=\u00a0\u00bbno\u00a0\u00bb]<\/p>\n<h2>Simplicit\u00e9 fonctionnelle<\/h2>\n<p>La salle de bain doit \u00eatre simple et fonctionnelle, avec suffisamment d&rsquo;espace pour se d\u00e9placer et ranger les objets essentiels. Sarah Mo Interiors propose une gamme de solutions de rangement pratiques qui s&rsquo;int\u00e8grent parfaitement dans un d\u00e9cor campagnard, telles que d&rsquo;\u00e9l\u00e9gantes armoires et \u00e9tag\u00e8res en bois \u00e0 l&rsquo;aspect rustique.<\/p>\n<p>[\/vc_column_text][vc_column_text css=\u00a0\u00bb\u00a0\u00bb woodmart_inline=\u00a0\u00bbno\u00a0\u00bb text_larger=\u00a0\u00bbno\u00a0\u00bb]<\/p>\n<h2>Conclusion<\/h2>\n<p>Avec les salles de bains rustiques de Sarah Mo, vous pouvez transformer votre salle de bain en une oasis de bien-\u00eatre et de tranquillit\u00e9. Laissez-vous inspirer par la beaut\u00e9 naturelle et le charme intemporel du bois, et cr\u00e9ez un espace o\u00f9 vous pourrez profiter d&rsquo;un moment de relaxation et de renouvellement chaque jour.<\/p>\n<p>[\/vc_column_text][\/vc_column][vc_column width=\u00a0\u00bb1\/2&Prime;]\t\t<div id=\"gallery_507\" class=\"wd-images-gallery wd-wpb wd-rs-664767de504bf photoswipe-images\" style=\"--wd-justify-content:left;--wd-align-items:center;\">\n\t\t\t\n\t\t\t<div class=\" wd-grid-g\" style=\"--wd-col-lg:1;--wd-col-md:1;--wd-col-sm:1;--wd-gap-lg:0px;\">\n\t\t\t\t\n\t\t\t\t\t\t\t\t\t\t\t\t\t\t\t<div class=\"wd-gallery-item wd-col\">\n\t\t\t\t\t\t\t\t\t\t\t\t\t\t<a href=\"https:\/\/www.sarahmo.be\/site\/wp-content\/uploads\/BATH-032-sfeer-6.jpg\" data-elementor-open-lightbox=\"no\" data-index=\"1\" data-width=\"1206\" data-height=\"1206\" \n\t\t\t\t\t\t\t\t\t\t\t\t >\n\t\t\t\t\t\t\t\t\n\t\t\t\t\t\t\t\t<img decoding=\"async\" width=\"1206\" height=\"1206\" src=\"https:\/\/www.sarahmo.be\/site\/wp-content\/uploads\/BATH-032-sfeer-6.jpg\" class=\"wd-gallery-image image-1\" alt=\"\" srcset=\"https:\/\/www.sarahmo.be\/site\/wp-content\/uploads\/BATH-032-sfeer-6.jpg 1206w, https:\/\/www.sarahmo.be\/site\/wp-content\/uploads\/BATH-032-sfeer-6-300x300.jpg 300w, https:\/\/www.sarahmo.be\/site\/wp-content\/uploads\/BATH-032-sfeer-6-1024x1024.jpg 1024w, https:\/\/www.sarahmo.be\/site\/wp-content\/uploads\/BATH-032-sfeer-6-150x150.jpg 150w, https:\/\/www.sarahmo.be\/site\/wp-content\/uploads\/BATH-032-sfeer-6-768x768.jpg 768w, https:\/\/www.sarahmo.be\/site\/wp-content\/uploads\/BATH-032-sfeer-6-1000x1000.jpg 1000w, https:\/\/www.sarahmo.be\/site\/wp-content\/uploads\/BATH-032-sfeer-6-500x500.jpg 500w, https:\/\/www.sarahmo.be\/site\/wp-content\/uploads\/BATH-032-sfeer-6-800x800.jpg 800w\" sizes=\"(max-width: 1206px) 100vw, 1206px\" \/>\n\t\t\t\t\t\t\t\t\t\t\t\t\t\t\t<\/a>\n\t\t\t\t\t\t\t\t\t\t\t\t<\/div>\n\t\t\t\t\t\t\t\t\t\n\t\t\t\t\t\t\t<\/div>\n\n\t\t\t\t\t<\/div>\n\t\t[\/vc_column][\/vc_row][vc_row content_placement=\u00a0\u00bbmiddle\u00a0\u00bb woodmart_css_id=\u00a0\u00bb662f8930c419c\u00a0\u00bb responsive_spacing=\u00a0\u00bbeyJwYXJhbV90eXBlIjoid29vZG1hcnRfcmVzcG9uc2l2ZV9zcGFjaW5nIiwic2VsZWN0b3JfaWQiOiI2NjJmODkzMGM0MTljIiwic2hvcnRjb2RlIjoidmNfcm93IiwiZGF0YSI6eyJ0YWJsZXQiOnt9LCJtb2JpbGUiOnt9fX0=\u00a0\u00bb mobile_bg_img_hidden=\u00a0\u00bbno\u00a0\u00bb tablet_bg_img_hidden=\u00a0\u00bbno\u00a0\u00bb woodmart_parallax=\u00a0\u00bb0&Prime; woodmart_gradient_switch=\u00a0\u00bbno\u00a0\u00bb woodmart_box_shadow=\u00a0\u00bbno\u00a0\u00bb wd_z_index=\u00a0\u00bbno\u00a0\u00bb woodmart_disable_overflow=\u00a0\u00bb0&Prime; row_reverse_mobile=\u00a0\u00bb0&Prime; row_reverse_tablet=\u00a0\u00bb0&Prime;][vc_column width=\u00a0\u00bb1\/2&Prime;][\/vc_column][vc_column width=\u00a0\u00bb1\/2&Prime;][\/vc_column][\/vc_row]<\/p>\n<\/div>","protected":false},"excerpt":{"rendered":"<p>[vc_row full_width=\u00a0\u00bbstretch_row\u00a0\u00bb woodmart_css_id=\u00a0\u00bb662fc233b61c2&Prime; responsive_spacing=\u00a0\u00bbeyJwYXJhbV90eXBlIjoid29vZG1hcnRfcmVzcG9uc2l2ZV9zcGFjaW5nIiwic2VsZWN0b3JfaWQiOiI2NjJmYzIzM2I2MWMyIiwic2hvcnRjb2RlIjoidmNfcm93IiwiZGF0YSI6eyJ0YWJsZXQiOnt9LCJtb2JpbGUiOnt9fX0=\u00a0\u00bb mobile_bg_img_hidden=\u00a0\u00bbno\u00a0\u00bb tablet_bg_img_hidden=\u00a0\u00bbno\u00a0\u00bb woodmart_parallax=\u00a0\u00bb0&Prime; woodmart_gradient_switch=\u00a0\u00bbno\u00a0\u00bb woodmart_box_shadow=\u00a0\u00bbno\u00a0\u00bb wd_z_index=\u00a0\u00bbno\u00a0\u00bb woodmart_disable_overflow=\u00a0\u00bb0&Prime; row_reverse_mobile=\u00a0\u00bb0&Prime; row_reverse_tablet=\u00a0\u00bb0&Prime;][vc_column width=\u00a0\u00bb1\/2&Prime;][vc_column_text css=\u00a0\u00bb\u00a0\u00bb woodmart_inline=\u00a0\u00bbno\u00a0\u00bb text_larger=\u00a0\u00bbno\u00a0\u00bb] &nbsp; [\/vc_column_text][vc_column_text css=\u00a0\u00bb\u00a0\u00bb<\/p>\n","protected":false},"author":185,"featured_media":21178,"comment_status":"closed","ping_status":"closed","sticky":false,"template":"","format":"standard","meta":{"footnotes":""},"categories":[3919],"tags":[],"class_list":["post-22804","post","type-post","status-publish","format-standard","has-post-thumbnail","hentry","category-blog-fr"],"yoast_head":"<!-- This site is optimized with the Yoast SEO plugin v27.5 - https:\/\/yoast.com\/product\/yoast-seo-wordpress\/ -->\n<title>Sarah Mo - Cr\u00e9ez une oasis rurale de tranquillit\u00e9 dans votre salle de bains<\/title>\n<meta name=\"description\" content=\"D\u00e9couvrez les salles de bains champ\u00eatres de Sarah Mo. Nos salles de bains sont chaleureuses et naturelles.\" \/>\n<meta name=\"robots\" content=\"noindex, follow\" \/>\n<meta property=\"og:locale\" content=\"fr_FR\" \/>\n<meta property=\"og:type\" content=\"article\" \/>\n<meta property=\"og:title\" content=\"Sarah Mo - Cr\u00e9ez une oasis rurale de tranquillit\u00e9 dans votre salle de bains\" \/>\n<meta property=\"og:description\" content=\"D\u00e9couvrez les salles de bains champ\u00eatres de Sarah Mo. Nos salles de bains sont chaleureuses et naturelles.\" \/>\n<meta property=\"og:url\" content=\"https:\/\/www.sarahmo.be\/fr\/creez-une-oasis-rurale-de-tranquillite-dans-votre-salle-de-bains\/\" \/>\n<meta property=\"og:site_name\" content=\"Sarah Mo\" \/>\n<meta property=\"article:publisher\" content=\"https:\/\/www.facebook.com\/SarahMofurniturestore\/\" \/>\n<meta property=\"article:published_time\" content=\"2024-05-17T14:22:08+00:00\" \/>\n<meta property=\"article:modified_time\" content=\"2024-06-10T15:41:52+00:00\" \/>\n<meta property=\"og:image\" content=\"https:\/\/www.sarahmo.be\/site\/wp-content\/uploads\/BATH-032-sfeer-4.jpg\" \/>\n\t<meta property=\"og:image:width\" content=\"1099\" \/>\n\t<meta property=\"og:image:height\" content=\"1099\" \/>\n\t<meta property=\"og:image:type\" content=\"image\/jpeg\" \/>\n<meta name=\"author\" content=\"Sarah Mo\" \/>\n<meta name=\"twitter:card\" content=\"summary_large_image\" \/>\n<meta name=\"twitter:label1\" content=\"\u00c9crit par\" \/>\n\t<meta name=\"twitter:data1\" content=\"Sarah Mo\" \/>\n\t<meta name=\"twitter:label2\" content=\"Dur\u00e9e de lecture estim\u00e9e\" \/>\n\t<meta name=\"twitter:data2\" content=\"5 minutes\" \/>\n<script type=\"application\/ld+json\" class=\"yoast-schema-graph\">{\"@context\":\"https:\\\/\\\/schema.org\",\"@graph\":[{\"@type\":\"Article\",\"@id\":\"https:\\\/\\\/www.sarahmo.be\\\/fr\\\/creez-une-oasis-rurale-de-tranquillite-dans-votre-salle-de-bains\\\/#article\",\"isPartOf\":{\"@id\":\"https:\\\/\\\/www.sarahmo.be\\\/fr\\\/creez-une-oasis-rurale-de-tranquillite-dans-votre-salle-de-bains\\\/\"},\"author\":{\"name\":\"Sarah Mo\",\"@id\":\"https:\\\/\\\/www.sarahmo.be\\\/fr\\\/#\\\/schema\\\/person\\\/284c98b0cea20efedd0ff7863607b4a7\"},\"headline\":\"Cr\u00e9ez une oasis rurale de tranquillit\u00e9 dans votre salle de bains\",\"datePublished\":\"2024-05-17T14:22:08+00:00\",\"dateModified\":\"2024-06-10T15:41:52+00:00\",\"mainEntityOfPage\":{\"@id\":\"https:\\\/\\\/www.sarahmo.be\\\/fr\\\/creez-une-oasis-rurale-de-tranquillite-dans-votre-salle-de-bains\\\/\"},\"wordCount\":1041,\"publisher\":{\"@id\":\"https:\\\/\\\/www.sarahmo.be\\\/fr\\\/#organization\"},\"image\":{\"@id\":\"https:\\\/\\\/www.sarahmo.be\\\/fr\\\/creez-une-oasis-rurale-de-tranquillite-dans-votre-salle-de-bains\\\/#primaryimage\"},\"thumbnailUrl\":\"https:\\\/\\\/www.sarahmo.be\\\/site\\\/wp-content\\\/uploads\\\/BATH-032-sfeer-4.jpg\",\"articleSection\":[\"Blog\"],\"inLanguage\":\"fr-FR\"},{\"@type\":\"WebPage\",\"@id\":\"https:\\\/\\\/www.sarahmo.be\\\/fr\\\/creez-une-oasis-rurale-de-tranquillite-dans-votre-salle-de-bains\\\/\",\"url\":\"https:\\\/\\\/www.sarahmo.be\\\/fr\\\/creez-une-oasis-rurale-de-tranquillite-dans-votre-salle-de-bains\\\/\",\"name\":\"Sarah Mo - Cr\u00e9ez une oasis rurale de tranquillit\u00e9 dans votre salle de bains\",\"isPartOf\":{\"@id\":\"https:\\\/\\\/www.sarahmo.be\\\/fr\\\/#website\"},\"primaryImageOfPage\":{\"@id\":\"https:\\\/\\\/www.sarahmo.be\\\/fr\\\/creez-une-oasis-rurale-de-tranquillite-dans-votre-salle-de-bains\\\/#primaryimage\"},\"image\":{\"@id\":\"https:\\\/\\\/www.sarahmo.be\\\/fr\\\/creez-une-oasis-rurale-de-tranquillite-dans-votre-salle-de-bains\\\/#primaryimage\"},\"thumbnailUrl\":\"https:\\\/\\\/www.sarahmo.be\\\/site\\\/wp-content\\\/uploads\\\/BATH-032-sfeer-4.jpg\",\"datePublished\":\"2024-05-17T14:22:08+00:00\",\"dateModified\":\"2024-06-10T15:41:52+00:00\",\"description\":\"D\u00e9couvrez les salles de bains champ\u00eatres de Sarah Mo. Nos salles de bains sont chaleureuses et naturelles.\",\"breadcrumb\":{\"@id\":\"https:\\\/\\\/www.sarahmo.be\\\/fr\\\/creez-une-oasis-rurale-de-tranquillite-dans-votre-salle-de-bains\\\/#breadcrumb\"},\"inLanguage\":\"fr-FR\",\"potentialAction\":[{\"@type\":\"ReadAction\",\"target\":[\"https:\\\/\\\/www.sarahmo.be\\\/fr\\\/creez-une-oasis-rurale-de-tranquillite-dans-votre-salle-de-bains\\\/\"]}]},{\"@type\":\"ImageObject\",\"inLanguage\":\"fr-FR\",\"@id\":\"https:\\\/\\\/www.sarahmo.be\\\/fr\\\/creez-une-oasis-rurale-de-tranquillite-dans-votre-salle-de-bains\\\/#primaryimage\",\"url\":\"https:\\\/\\\/www.sarahmo.be\\\/site\\\/wp-content\\\/uploads\\\/BATH-032-sfeer-4.jpg\",\"contentUrl\":\"https:\\\/\\\/www.sarahmo.be\\\/site\\\/wp-content\\\/uploads\\\/BATH-032-sfeer-4.jpg\",\"width\":1099,\"height\":1099},{\"@type\":\"BreadcrumbList\",\"@id\":\"https:\\\/\\\/www.sarahmo.be\\\/fr\\\/creez-une-oasis-rurale-de-tranquillite-dans-votre-salle-de-bains\\\/#breadcrumb\",\"itemListElement\":[{\"@type\":\"ListItem\",\"position\":1,\"name\":\"Accueil\",\"item\":\"https:\\\/\\\/www.sarahmo.be\\\/fr\\\/\"},{\"@type\":\"ListItem\",\"position\":2,\"name\":\"Cr\u00e9ez une oasis rurale de tranquillit\u00e9 dans votre salle de bains\"}]},{\"@type\":\"WebSite\",\"@id\":\"https:\\\/\\\/www.sarahmo.be\\\/fr\\\/#website\",\"url\":\"https:\\\/\\\/www.sarahmo.be\\\/fr\\\/\",\"name\":\"Sarah Mo\",\"description\":\"Sp\u00e9cialiste du style campagne intemporel\",\"publisher\":{\"@id\":\"https:\\\/\\\/www.sarahmo.be\\\/fr\\\/#organization\"},\"potentialAction\":[{\"@type\":\"SearchAction\",\"target\":{\"@type\":\"EntryPoint\",\"urlTemplate\":\"https:\\\/\\\/www.sarahmo.be\\\/fr\\\/?s={search_term_string}\"},\"query-input\":{\"@type\":\"PropertyValueSpecification\",\"valueRequired\":true,\"valueName\":\"search_term_string\"}}],\"inLanguage\":\"fr-FR\"},{\"@type\":\"Organization\",\"@id\":\"https:\\\/\\\/www.sarahmo.be\\\/fr\\\/#organization\",\"name\":\"Sarah Mo Landelijke meubelen en verlichting\",\"url\":\"https:\\\/\\\/www.sarahmo.be\\\/fr\\\/\",\"logo\":{\"@type\":\"ImageObject\",\"inLanguage\":\"fr-FR\",\"@id\":\"https:\\\/\\\/www.sarahmo.be\\\/fr\\\/#\\\/schema\\\/logo\\\/image\\\/\",\"url\":\"https:\\\/\\\/www.sarahmo.be\\\/site\\\/wp-content\\\/uploads\\\/logo-dark.png\",\"contentUrl\":\"https:\\\/\\\/www.sarahmo.be\\\/site\\\/wp-content\\\/uploads\\\/logo-dark.png\",\"width\":1025,\"height\":120,\"caption\":\"Sarah Mo Landelijke meubelen en verlichting\"},\"image\":{\"@id\":\"https:\\\/\\\/www.sarahmo.be\\\/fr\\\/#\\\/schema\\\/logo\\\/image\\\/\"},\"sameAs\":[\"https:\\\/\\\/www.facebook.com\\\/SarahMofurniturestore\\\/\"]},{\"@type\":\"Person\",\"@id\":\"https:\\\/\\\/www.sarahmo.be\\\/fr\\\/#\\\/schema\\\/person\\\/284c98b0cea20efedd0ff7863607b4a7\",\"name\":\"Sarah Mo\",\"image\":{\"@type\":\"ImageObject\",\"inLanguage\":\"fr-FR\",\"@id\":\"https:\\\/\\\/secure.gravatar.com\\\/avatar\\\/d3224a97bb8e419d3a7ad0d71ca9f13bde4d053a33379aa79d88c2627995e18a?s=96&d=mm&r=g\",\"url\":\"https:\\\/\\\/secure.gravatar.com\\\/avatar\\\/d3224a97bb8e419d3a7ad0d71ca9f13bde4d053a33379aa79d88c2627995e18a?s=96&d=mm&r=g\",\"contentUrl\":\"https:\\\/\\\/secure.gravatar.com\\\/avatar\\\/d3224a97bb8e419d3a7ad0d71ca9f13bde4d053a33379aa79d88c2627995e18a?s=96&d=mm&r=g\",\"caption\":\"Sarah Mo\"}}]}<\/script>\n<!-- \/ Yoast SEO plugin. -->","yoast_head_json":{"title":"Sarah Mo - Cr\u00e9ez une oasis rurale de tranquillit\u00e9 dans votre salle de bains","description":"D\u00e9couvrez les salles de bains champ\u00eatres de Sarah Mo. Nos salles de bains sont chaleureuses et naturelles.","robots":{"index":"noindex","follow":"follow"},"og_locale":"fr_FR","og_type":"article","og_title":"Sarah Mo - Cr\u00e9ez une oasis rurale de tranquillit\u00e9 dans votre salle de bains","og_description":"D\u00e9couvrez les salles de bains champ\u00eatres de Sarah Mo. Nos salles de bains sont chaleureuses et naturelles.","og_url":"https:\/\/www.sarahmo.be\/fr\/creez-une-oasis-rurale-de-tranquillite-dans-votre-salle-de-bains\/","og_site_name":"Sarah Mo","article_publisher":"https:\/\/www.facebook.com\/SarahMofurniturestore\/","article_published_time":"2024-05-17T14:22:08+00:00","article_modified_time":"2024-06-10T15:41:52+00:00","og_image":[{"width":1099,"height":1099,"url":"https:\/\/www.sarahmo.be\/site\/wp-content\/uploads\/BATH-032-sfeer-4.jpg","type":"image\/jpeg"}],"author":"Sarah Mo","twitter_card":"summary_large_image","twitter_misc":{"\u00c9crit par":"Sarah Mo","Dur\u00e9e de lecture estim\u00e9e":"5 minutes"},"schema":{"@context":"https:\/\/schema.org","@graph":[{"@type":"Article","@id":"https:\/\/www.sarahmo.be\/fr\/creez-une-oasis-rurale-de-tranquillite-dans-votre-salle-de-bains\/#article","isPartOf":{"@id":"https:\/\/www.sarahmo.be\/fr\/creez-une-oasis-rurale-de-tranquillite-dans-votre-salle-de-bains\/"},"author":{"name":"Sarah Mo","@id":"https:\/\/www.sarahmo.be\/fr\/#\/schema\/person\/284c98b0cea20efedd0ff7863607b4a7"},"headline":"Cr\u00e9ez une oasis rurale de tranquillit\u00e9 dans votre salle de bains","datePublished":"2024-05-17T14:22:08+00:00","dateModified":"2024-06-10T15:41:52+00:00","mainEntityOfPage":{"@id":"https:\/\/www.sarahmo.be\/fr\/creez-une-oasis-rurale-de-tranquillite-dans-votre-salle-de-bains\/"},"wordCount":1041,"publisher":{"@id":"https:\/\/www.sarahmo.be\/fr\/#organization"},"image":{"@id":"https:\/\/www.sarahmo.be\/fr\/creez-une-oasis-rurale-de-tranquillite-dans-votre-salle-de-bains\/#primaryimage"},"thumbnailUrl":"https:\/\/www.sarahmo.be\/site\/wp-content\/uploads\/BATH-032-sfeer-4.jpg","articleSection":["Blog"],"inLanguage":"fr-FR"},{"@type":"WebPage","@id":"https:\/\/www.sarahmo.be\/fr\/creez-une-oasis-rurale-de-tranquillite-dans-votre-salle-de-bains\/","url":"https:\/\/www.sarahmo.be\/fr\/creez-une-oasis-rurale-de-tranquillite-dans-votre-salle-de-bains\/","name":"Sarah Mo - Cr\u00e9ez une oasis rurale de tranquillit\u00e9 dans votre salle de bains","isPartOf":{"@id":"https:\/\/www.sarahmo.be\/fr\/#website"},"primaryImageOfPage":{"@id":"https:\/\/www.sarahmo.be\/fr\/creez-une-oasis-rurale-de-tranquillite-dans-votre-salle-de-bains\/#primaryimage"},"image":{"@id":"https:\/\/www.sarahmo.be\/fr\/creez-une-oasis-rurale-de-tranquillite-dans-votre-salle-de-bains\/#primaryimage"},"thumbnailUrl":"https:\/\/www.sarahmo.be\/site\/wp-content\/uploads\/BATH-032-sfeer-4.jpg","datePublished":"2024-05-17T14:22:08+00:00","dateModified":"2024-06-10T15:41:52+00:00","description":"D\u00e9couvrez les salles de bains champ\u00eatres de Sarah Mo. Nos salles de bains sont chaleureuses et naturelles.","breadcrumb":{"@id":"https:\/\/www.sarahmo.be\/fr\/creez-une-oasis-rurale-de-tranquillite-dans-votre-salle-de-bains\/#breadcrumb"},"inLanguage":"fr-FR","potentialAction":[{"@type":"ReadAction","target":["https:\/\/www.sarahmo.be\/fr\/creez-une-oasis-rurale-de-tranquillite-dans-votre-salle-de-bains\/"]}]},{"@type":"ImageObject","inLanguage":"fr-FR","@id":"https:\/\/www.sarahmo.be\/fr\/creez-une-oasis-rurale-de-tranquillite-dans-votre-salle-de-bains\/#primaryimage","url":"https:\/\/www.sarahmo.be\/site\/wp-content\/uploads\/BATH-032-sfeer-4.jpg","contentUrl":"https:\/\/www.sarahmo.be\/site\/wp-content\/uploads\/BATH-032-sfeer-4.jpg","width":1099,"height":1099},{"@type":"BreadcrumbList","@id":"https:\/\/www.sarahmo.be\/fr\/creez-une-oasis-rurale-de-tranquillite-dans-votre-salle-de-bains\/#breadcrumb","itemListElement":[{"@type":"ListItem","position":1,"name":"Accueil","item":"https:\/\/www.sarahmo.be\/fr\/"},{"@type":"ListItem","position":2,"name":"Cr\u00e9ez une oasis rurale de tranquillit\u00e9 dans votre salle de bains"}]},{"@type":"WebSite","@id":"https:\/\/www.sarahmo.be\/fr\/#website","url":"https:\/\/www.sarahmo.be\/fr\/","name":"Sarah Mo","description":"Sp\u00e9cialiste du style campagne intemporel","publisher":{"@id":"https:\/\/www.sarahmo.be\/fr\/#organization"},"potentialAction":[{"@type":"SearchAction","target":{"@type":"EntryPoint","urlTemplate":"https:\/\/www.sarahmo.be\/fr\/?s={search_term_string}"},"query-input":{"@type":"PropertyValueSpecification","valueRequired":true,"valueName":"search_term_string"}}],"inLanguage":"fr-FR"},{"@type":"Organization","@id":"https:\/\/www.sarahmo.be\/fr\/#organization","name":"Sarah Mo Landelijke meubelen en verlichting","url":"https:\/\/www.sarahmo.be\/fr\/","logo":{"@type":"ImageObject","inLanguage":"fr-FR","@id":"https:\/\/www.sarahmo.be\/fr\/#\/schema\/logo\/image\/","url":"https:\/\/www.sarahmo.be\/site\/wp-content\/uploads\/logo-dark.png","contentUrl":"https:\/\/www.sarahmo.be\/site\/wp-content\/uploads\/logo-dark.png","width":1025,"height":120,"caption":"Sarah Mo Landelijke meubelen en verlichting"},"image":{"@id":"https:\/\/www.sarahmo.be\/fr\/#\/schema\/logo\/image\/"},"sameAs":["https:\/\/www.facebook.com\/SarahMofurniturestore\/"]},{"@type":"Person","@id":"https:\/\/www.sarahmo.be\/fr\/#\/schema\/person\/284c98b0cea20efedd0ff7863607b4a7","name":"Sarah Mo","image":{"@type":"ImageObject","inLanguage":"fr-FR","@id":"https:\/\/secure.gravatar.com\/avatar\/d3224a97bb8e419d3a7ad0d71ca9f13bde4d053a33379aa79d88c2627995e18a?s=96&d=mm&r=g","url":"https:\/\/secure.gravatar.com\/avatar\/d3224a97bb8e419d3a7ad0d71ca9f13bde4d053a33379aa79d88c2627995e18a?s=96&d=mm&r=g","contentUrl":"https:\/\/secure.gravatar.com\/avatar\/d3224a97bb8e419d3a7ad0d71ca9f13bde4d053a33379aa79d88c2627995e18a?s=96&d=mm&r=g","caption":"Sarah Mo"}}]}},"_links":{"self":[{"href":"https:\/\/www.sarahmo.be\/fr\/wp-json\/wp\/v2\/posts\/22804","targetHints":{"allow":["GET"]}}],"collection":[{"href":"https:\/\/www.sarahmo.be\/fr\/wp-json\/wp\/v2\/posts"}],"about":[{"href":"https:\/\/www.sarahmo.be\/fr\/wp-json\/wp\/v2\/types\/post"}],"author":[{"embeddable":true,"href":"https:\/\/www.sarahmo.be\/fr\/wp-json\/wp\/v2\/users\/185"}],"replies":[{"embeddable":true,"href":"https:\/\/www.sarahmo.be\/fr\/wp-json\/wp\/v2\/comments?post=22804"}],"version-history":[{"count":0,"href":"https:\/\/www.sarahmo.be\/fr\/wp-json\/wp\/v2\/posts\/22804\/revisions"}],"wp:featuredmedia":[{"embeddable":true,"href":"https:\/\/www.sarahmo.be\/fr\/wp-json\/wp\/v2\/media\/21178"}],"wp:attachment":[{"href":"https:\/\/www.sarahmo.be\/fr\/wp-json\/wp\/v2\/media?parent=22804"}],"wp:term":[{"taxonomy":"category","embeddable":true,"href":"https:\/\/www.sarahmo.be\/fr\/wp-json\/wp\/v2\/categories?post=22804"},{"taxonomy":"post_tag","embeddable":true,"href":"https:\/\/www.sarahmo.be\/fr\/wp-json\/wp\/v2\/tags?post=22804"}],"curies":[{"name":"wp","href":"https:\/\/api.w.org\/{rel}","templated":true}]}}