{"id":23457,"date":"2024-10-24T13:47:20","date_gmt":"2024-10-24T11:47:20","guid":{"rendered":"https:\/\/www.sarahmo.be\/?p=23457"},"modified":"2024-10-24T14:02:24","modified_gmt":"2024-10-24T12:02:24","slug":"creer-votre-salon-parfait-chez-sarah-mo","status":"publish","type":"post","link":"https:\/\/www.sarahmo.be\/fr\/creer-votre-salon-parfait-chez-sarah-mo\/","title":{"rendered":"Cr\u00e9er votre salon parfait chez Sarah Mo"},"content":{"rendered":"<h2><\/h2>\n<h2 style=\"text-align: center;\"><strong>Chez Sarah Mo int\u00e9rieurs, tout tourne autour du style personnel et du confort. Votre salon est le c\u0153ur de votre maison, et un magnifique salon confortable joue un r\u00f4le central dans l&rsquo;apparence et le confort de cet espace. C&rsquo;est pourquoi nous vous offrons la possibilit\u00e9 de composer votre salon id\u00e9al selon vos souhaits.<\/strong><\/h2>\n<p>&nbsp;<\/p>\n<p>&nbsp;<\/p>\n<p>&nbsp;<\/p>\n<p><img decoding=\"async\" class=\"size-full wp-image-23458 aligncenter\" src=\"https:\/\/www.sarahmo.be\/site\/wp-content\/uploads\/LIVA-1L90-1BB90-1OTTR100_7111-768x423-1.jpg\" alt=\"\" width=\"768\" height=\"423\" srcset=\"https:\/\/www.sarahmo.be\/site\/wp-content\/uploads\/LIVA-1L90-1BB90-1OTTR100_7111-768x423-1.jpg 768w, https:\/\/www.sarahmo.be\/site\/wp-content\/uploads\/LIVA-1L90-1BB90-1OTTR100_7111-768x423-1-300x165.jpg 300w, https:\/\/www.sarahmo.be\/site\/wp-content\/uploads\/LIVA-1L90-1BB90-1OTTR100_7111-768x423-1-500x275.jpg 500w, https:\/\/www.sarahmo.be\/site\/wp-content\/uploads\/LIVA-1L90-1BB90-1OTTR100_7111-768x423-1-150x83.jpg 150w\" sizes=\"(max-width: 768px) 100vw, 768px\" \/><\/p>\n<p>&nbsp;<\/p>\n<p>&nbsp;<\/p>\n<div class=\"flex-shrink-0 flex flex-col relative items-end\">\n<div>\n<div class=\"pt-0\">\n<div class=\"gizmo-bot-avatar flex h-8 w-8 items-center justify-center overflow-hidden rounded-full\">\n<div class=\"relative p-1 rounded-sm flex items-center justify-center bg-token-main-surface-primary text-token-text-primary h-8 w-8\"><\/div>\n<\/div>\n<\/div>\n<\/div>\n<\/div>\n<div class=\"group\/conversation-turn relative flex w-full min-w-0 flex-col agent-turn\">\n<div class=\"flex-col gap-1 md:gap-3\">\n<div class=\"flex max-w-full flex-col flex-grow\">\n<div class=\"min-h-8 text-message flex w-full flex-col items-end gap-2 whitespace-normal break-words [.text-message+&amp;]:mt-5\" dir=\"auto\" data-message-author-role=\"assistant\" data-message-id=\"ae201ef0-2a11-4425-b435-bd016956d028\" data-message-model-slug=\"gpt-4o\">\n<div class=\"flex w-full flex-col gap-1 empty:hidden first:pt-[3px]\">\n<div class=\"markdown prose w-full break-words dark:prose-invert light\">\n<p>Que vous recherchiez une v\u00e9ritable pi\u00e8ce ma\u00eetresse dans une couleur audacieuse ou que vous pr\u00e9f\u00e9riez opter pour une configuration sobre et intemporelle, chez nous, tout est possible ! Vous avez le choix parmi un large \u00e9ventail de tissus, de couleurs et de configurations, vous permettant de varier et de combiner \u00e0 l&rsquo;infini.<\/p>\n<\/div>\n<\/div>\n<\/div>\n<\/div>\n<\/div>\n<p>&nbsp;<\/p>\n<div class=\"flex max-w-full flex-col flex-grow\">\n<div class=\"min-h-8 text-message flex w-full flex-col items-end gap-2 whitespace-normal break-words [.text-message+&amp;]:mt-5\" dir=\"auto\" data-message-author-role=\"assistant\" data-message-id=\"8e23cf5c-dd06-41ca-bd07-af9c673d0025\" data-message-model-slug=\"gpt-4o\">\n<div class=\"flex w-full flex-col gap-1 empty:hidden first:pt-[3px]\">\n<div class=\"markdown prose w-full break-words dark:prose-invert light\">\n<h2>Choix de couleur : Pi\u00e8ce ma\u00eetresse audacieuse ou base apaisante ?<\/h2>\n<p><img decoding=\"async\" class=\"wp-image-23461 size-full alignleft\" src=\"https:\/\/www.sarahmo.be\/site\/wp-content\/uploads\/SFEER-HOEKSALON-KAI-500x500.jpg-1.webp\" alt=\"\" width=\"500\" height=\"500\" srcset=\"https:\/\/www.sarahmo.be\/site\/wp-content\/uploads\/SFEER-HOEKSALON-KAI-500x500.jpg-1.webp 500w, https:\/\/www.sarahmo.be\/site\/wp-content\/uploads\/SFEER-HOEKSALON-KAI-500x500.jpg-1-300x300.webp 300w, https:\/\/www.sarahmo.be\/site\/wp-content\/uploads\/SFEER-HOEKSALON-KAI-500x500.jpg-1-150x150.webp 150w\" sizes=\"(max-width: 500px) 100vw, 500px\" \/><\/p>\n<\/div>\n<\/div>\n<\/div>\n<\/div>\n<div class=\"mb-2 flex gap-3 empty:hidden -ml-2\">\n<div class=\"items-center justify-start rounded-xl p-1 flex\">\n<div class=\"flex items-center\">\n<div class=\"flex\"><\/div>\n<div class=\"flex items-center pb-0\">\n<p>&nbsp;<\/p>\n<p>&nbsp;<\/p>\n<p>&nbsp;<\/p>\n<p>&nbsp;<\/p>\n<p>La couleur de votre salon d\u00e9termine en grande partie l&rsquo;ambiance de votre s\u00e9jour. Vous souhaitez ajouter une touche ludique \u00e0 votre int\u00e9rieur ? Optez alors pour une couleur vive qui attire vraiment le regard, comme un bleu profond, un jaune moutarde ou un vert \u00e9meraude. Un canap\u00e9 color\u00e9 peut devenir un v\u00e9ritable point focal et donner \u00e0 votre int\u00e9rieur une allure unique.<\/p>\n<p>Ou peut-\u00eatre recherchez-vous plut\u00f4t le calme et la s\u00e9r\u00e9nit\u00e9 ? Une teinte douce comme le beige, le gris clair ou des couleurs pastel cr\u00e9e une base harmonieuse que vous pouvez facilement combiner avec d&rsquo;autres \u00e9l\u00e9ments de votre d\u00e9coration. Vous pouvez ensuite jouer avec des coussins color\u00e9s, des plaids ou des accessoires assortis au reste de votre d\u00e9coration.<\/p>\n<p>&nbsp;<\/p>\n<p>&nbsp;<\/p>\n<p>&nbsp;<\/p>\n<p>&nbsp;<\/p>\n<p>&nbsp;<\/p>\n<p>&nbsp;<\/p>\n<h2>Disposition sur mesure : parfaite pour votre espace<\/h2>\n<p>&nbsp;<\/p>\n<p>En plus de la couleur, la disposeition de votre salon est \u00e9galement essentielle. Vous avez un grand s\u00e9jour et souhaitez un canap\u00e9 d&rsquo;angle spacieux pouvant accueillir toute la famille ? Ou vous disposez d&rsquo;un espace plus compact et recherchez un canap\u00e9 2 ou 3 places qui s&rsquo;int\u00e8gre parfaitement ? Nous vous aidons volontiers \u00e0 choisir la taille et la disposition qui conviennent.<\/p>\n<p>Chez Sarah Mo int\u00e9rieurs, vous pouvez choisir parmi diff\u00e9rents mod\u00e8les et configurations, tels que :<\/p>\n<ul>\n<li><strong>Canap\u00e9s d&rsquo;angle<\/strong> pour une utilisation optimale de l&rsquo;espace et du confort.<\/li>\n<li><strong>Salons modulaires<\/strong> que vous pouvez composer et ajuster vous-m\u00eame selon la forme de votre pi\u00e8ce.<\/li>\n<li><strong>Canap\u00e9s lounge<\/strong> pour une sensation de d\u00e9tente ultime.<\/li>\n<\/ul>\n<\/div>\n<\/div>\n<\/div>\n<\/div>\n<\/div>\n<p>&nbsp;<\/p>\n<p>&nbsp;<\/p>\n<p>&nbsp;<\/p>\n<div class=\"group\/conversation-turn relative flex w-full min-w-0 flex-col agent-turn\">\n<div class=\"mb-2 flex gap-3 empty:hidden -ml-2\">\n<div class=\"items-center justify-start rounded-xl p-1 flex\">\n<h2><\/h2>\n<\/div>\n<\/div>\n<\/div>\n<div class=\"group\/conversation-turn relative flex w-full min-w-0 flex-col agent-turn\">\n<div class=\"mb-2 flex gap-3 empty:hidden -ml-2\">\n<div class=\"items-center justify-start rounded-xl p-1 flex\">\n<div class=\"flex items-center\">\n<div class=\"flex items-center pb-0\">\n<h2>Nous vous aidons volontiers dans votre choix<\/h2>\n<p><img decoding=\"async\" class=\"alignright wp-image-23463 \" src=\"https:\/\/www.sarahmo.be\/site\/wp-content\/uploads\/Hoeksalon-Rieb-Sarah-mo-768x621-1.jpg\" alt=\"\" width=\"837\" height=\"677\" srcset=\"https:\/\/www.sarahmo.be\/site\/wp-content\/uploads\/Hoeksalon-Rieb-Sarah-mo-768x621-1.jpg 768w, https:\/\/www.sarahmo.be\/site\/wp-content\/uploads\/Hoeksalon-Rieb-Sarah-mo-768x621-1-300x243.jpg 300w, https:\/\/www.sarahmo.be\/site\/wp-content\/uploads\/Hoeksalon-Rieb-Sarah-mo-768x621-1-500x404.jpg 500w, https:\/\/www.sarahmo.be\/site\/wp-content\/uploads\/Hoeksalon-Rieb-Sarah-mo-768x621-1-150x121.jpg 150w\" sizes=\"(max-width: 837px) 100vw, 837px\" \/><\/p>\n<p>&nbsp;<\/p>\n<p>&nbsp;<\/p>\n<p style=\"text-align: left;\">Composer votre salon id\u00e9al peut parfois sembler accablant en raison des nombreuses possibilit\u00e9s. Pas d\u2019inqui\u00e9tude, nous sommes l\u00e0 pour vous accompagner tout au long du processus. Que ce pour choisir la bonne couleur, le tissu ou la disposition, chez Sarah Mo int\u00e9rieurs, nous serons ravis de vous aider \u00e0 r\u00e9aliser l\u2019int\u00e9rieur de vos r\u00eaves. Gr\u00e2ce \u00e0 notre expertise et \u00e0<br \/>\nnos conseils personnalis\u00e9s, nous veillerons \u00e0 ce que votre salon soit non seulement esth\u00e9tique,\u00a0 mais \u00e9galement parfaitement adapt\u00e9 \u00e0 votre style et \u00e0 votre espace.<\/p>\n<p>&nbsp;<\/p>\n<\/div>\n<\/div>\n<\/div>\n<\/div>\n<\/div>\n<p>&nbsp;<\/p>\n<p>&nbsp;<\/p>\n<div class=\"group\/conversation-turn relative flex w-full min-w-0 flex-col agent-turn\">\n<div class=\"mb-2 flex gap-3 empty:hidden -ml-2\">\n<div class=\"items-center justify-start rounded-xl p-1 flex\">\n<div class=\"flex items-center\">\n<div class=\"flex items-center pb-0\">\n<p>Venez visiter notre showroom et d\u00e9couvrez les nombreuses possibilit\u00e9s. Nous serons ravis de vous accueillir !<\/p>\n<\/div>\n<\/div>\n<\/div>\n<\/div>\n<\/div>\n<p>&nbsp;<\/p>\n<p>&nbsp;<\/p>\n<div class=\"flex max-w-full flex-col flex-grow\">\n<div class=\"min-h-8 text-message flex w-full flex-col items-end gap-2 whitespace-normal break-words [.text-message+&amp;]:mt-5\" dir=\"auto\" data-message-author-role=\"assistant\" data-message-id=\"713ac8d7-5252-47b7-9d07-89a03f595490\" data-message-model-slug=\"gpt-4o\">\n<div class=\"flex w-full flex-col gap-1 empty:hidden first:pt-[3px]\">\n<div class=\"markdown prose w-full break-words dark:prose-invert light\">\n<h2><\/h2>\n<\/div>\n<h2><\/h2>\n<\/div>\n<div class=\"flex w-full flex-col gap-1 empty:hidden first:pt-[3px]\">\n<div class=\"markdown prose w-full break-words dark:prose-invert light\">\n<h3><\/h3>\n<h3 style=\"text-align: center;\"><strong>Chesterfield salons \u00e9galement disponibles chez Sarah Mo, avec diverses options de configurations, de tissus et de couleurs.<\/strong><\/h3>\n<\/div>\n<p>&nbsp;<\/p>\n<\/div>\n<\/div>\n<\/div>\n<div class=\"flex max-w-full flex-col flex-grow\">\n<div class=\"min-h-8 text-message flex w-full flex-col items-end gap-2 whitespace-normal break-words [.text-message+&amp;]:mt-5\" dir=\"auto\" data-message-author-role=\"assistant\" data-message-id=\"713ac8d7-5252-47b7-9d07-89a03f595490\" data-message-model-slug=\"gpt-4o\">\n<div class=\"flex w-full flex-col gap-1 empty:hidden first:pt-[3px]\">\n<div class=\"markdown prose w-full break-words dark:prose-invert light\">\n<p><img decoding=\"async\" class=\"wp-image-23465 size-full aligncenter\" src=\"https:\/\/www.sarahmo.be\/site\/wp-content\/uploads\/0312-1-Chersterfield-Banner-1024x273-2.jpg\" alt=\"\" width=\"1024\" height=\"273\" srcset=\"https:\/\/www.sarahmo.be\/site\/wp-content\/uploads\/0312-1-Chersterfield-Banner-1024x273-2.jpg 1024w, https:\/\/www.sarahmo.be\/site\/wp-content\/uploads\/0312-1-Chersterfield-Banner-1024x273-2-300x80.jpg 300w, https:\/\/www.sarahmo.be\/site\/wp-content\/uploads\/0312-1-Chersterfield-Banner-1024x273-2-768x205.jpg 768w, https:\/\/www.sarahmo.be\/site\/wp-content\/uploads\/0312-1-Chersterfield-Banner-1024x273-2-500x133.jpg 500w, https:\/\/www.sarahmo.be\/site\/wp-content\/uploads\/0312-1-Chersterfield-Banner-1024x273-2-800x213.jpg 800w, https:\/\/www.sarahmo.be\/site\/wp-content\/uploads\/0312-1-Chersterfield-Banner-1024x273-2-150x40.jpg 150w\" sizes=\"(max-width: 1024px) 100vw, 1024px\" \/><\/p>\n<\/div>\n<\/div>\n<p>&nbsp;<\/p>\n<div class=\"flex w-full flex-col gap-1 empty:hidden first:pt-[3px]\">\n<div class=\"markdown prose w-full break-words dark:prose-invert light\">\n<p>&nbsp;<\/p>\n<\/div>\n<\/div>\n<\/div>\n<\/div>\n","protected":false},"excerpt":{"rendered":"<p>Chez Sarah Mo int\u00e9rieurs, tout tourne autour du style personnel et du confort. Votre salon est le c\u0153ur de votre<\/p>\n","protected":false},"author":185,"featured_media":20852,"comment_status":"closed","ping_status":"closed","sticky":false,"template":"","format":"image","meta":{"footnotes":""},"categories":[3919],"tags":[],"class_list":["post-23457","post","type-post","status-publish","format-image","has-post-thumbnail","hentry","category-blog-fr","post_format-post-format-image"],"yoast_head":"<!-- This site is optimized with the Yoast SEO plugin v27.5 - https:\/\/yoast.com\/product\/yoast-seo-wordpress\/ -->\n<title>Sarah Mo - Cr\u00e9er votre salon parfait chez Sarah Mo<\/title>\n<meta name=\"robots\" content=\"noindex, follow\" \/>\n<meta property=\"og:locale\" content=\"fr_FR\" \/>\n<meta property=\"og:type\" content=\"article\" \/>\n<meta property=\"og:title\" content=\"Sarah Mo - Cr\u00e9er votre salon parfait chez Sarah Mo\" \/>\n<meta property=\"og:description\" content=\"Chez Sarah Mo int\u00e9rieurs, tout tourne autour du style personnel et du confort. Votre salon est le c\u0153ur de votre\" \/>\n<meta property=\"og:url\" content=\"https:\/\/www.sarahmo.be\/fr\/creer-votre-salon-parfait-chez-sarah-mo\/\" \/>\n<meta property=\"og:site_name\" content=\"Sarah Mo\" \/>\n<meta property=\"article:publisher\" content=\"https:\/\/www.facebook.com\/SarahMofurniturestore\/\" \/>\n<meta property=\"article:published_time\" content=\"2024-10-24T11:47:20+00:00\" \/>\n<meta property=\"article:modified_time\" content=\"2024-10-24T12:02:24+00:00\" \/>\n<meta property=\"og:image\" content=\"https:\/\/www.sarahmo.be\/site\/wp-content\/uploads\/SFEER-GIANT.jpg\" \/>\n\t<meta property=\"og:image:width\" content=\"1135\" \/>\n\t<meta property=\"og:image:height\" content=\"1135\" \/>\n\t<meta property=\"og:image:type\" content=\"image\/jpeg\" \/>\n<meta name=\"author\" content=\"Sarah Mo\" \/>\n<meta name=\"twitter:card\" content=\"summary_large_image\" \/>\n<meta name=\"twitter:label1\" content=\"\u00c9crit par\" \/>\n\t<meta name=\"twitter:data1\" content=\"Sarah Mo\" \/>\n\t<meta name=\"twitter:label2\" content=\"Dur\u00e9e de lecture estim\u00e9e\" \/>\n\t<meta name=\"twitter:data2\" content=\"4 minutes\" \/>\n<script type=\"application\/ld+json\" class=\"yoast-schema-graph\">{\"@context\":\"https:\\\/\\\/schema.org\",\"@graph\":[{\"@type\":\"Article\",\"@id\":\"https:\\\/\\\/www.sarahmo.be\\\/fr\\\/creer-votre-salon-parfait-chez-sarah-mo\\\/#article\",\"isPartOf\":{\"@id\":\"https:\\\/\\\/www.sarahmo.be\\\/fr\\\/creer-votre-salon-parfait-chez-sarah-mo\\\/\"},\"author\":{\"name\":\"Sarah Mo\",\"@id\":\"https:\\\/\\\/www.sarahmo.be\\\/fr\\\/#\\\/schema\\\/person\\\/284c98b0cea20efedd0ff7863607b4a7\"},\"headline\":\"Cr\u00e9er votre salon parfait chez Sarah Mo\",\"datePublished\":\"2024-10-24T11:47:20+00:00\",\"dateModified\":\"2024-10-24T12:02:24+00:00\",\"mainEntityOfPage\":{\"@id\":\"https:\\\/\\\/www.sarahmo.be\\\/fr\\\/creer-votre-salon-parfait-chez-sarah-mo\\\/\"},\"wordCount\":554,\"publisher\":{\"@id\":\"https:\\\/\\\/www.sarahmo.be\\\/fr\\\/#organization\"},\"image\":{\"@id\":\"https:\\\/\\\/www.sarahmo.be\\\/fr\\\/creer-votre-salon-parfait-chez-sarah-mo\\\/#primaryimage\"},\"thumbnailUrl\":\"https:\\\/\\\/www.sarahmo.be\\\/site\\\/wp-content\\\/uploads\\\/SFEER-GIANT.jpg\",\"articleSection\":[\"Blog\"],\"inLanguage\":\"fr-FR\"},{\"@type\":\"WebPage\",\"@id\":\"https:\\\/\\\/www.sarahmo.be\\\/fr\\\/creer-votre-salon-parfait-chez-sarah-mo\\\/\",\"url\":\"https:\\\/\\\/www.sarahmo.be\\\/fr\\\/creer-votre-salon-parfait-chez-sarah-mo\\\/\",\"name\":\"Sarah Mo - Cr\u00e9er votre salon parfait chez Sarah Mo\",\"isPartOf\":{\"@id\":\"https:\\\/\\\/www.sarahmo.be\\\/fr\\\/#website\"},\"primaryImageOfPage\":{\"@id\":\"https:\\\/\\\/www.sarahmo.be\\\/fr\\\/creer-votre-salon-parfait-chez-sarah-mo\\\/#primaryimage\"},\"image\":{\"@id\":\"https:\\\/\\\/www.sarahmo.be\\\/fr\\\/creer-votre-salon-parfait-chez-sarah-mo\\\/#primaryimage\"},\"thumbnailUrl\":\"https:\\\/\\\/www.sarahmo.be\\\/site\\\/wp-content\\\/uploads\\\/SFEER-GIANT.jpg\",\"datePublished\":\"2024-10-24T11:47:20+00:00\",\"dateModified\":\"2024-10-24T12:02:24+00:00\",\"breadcrumb\":{\"@id\":\"https:\\\/\\\/www.sarahmo.be\\\/fr\\\/creer-votre-salon-parfait-chez-sarah-mo\\\/#breadcrumb\"},\"inLanguage\":\"fr-FR\",\"potentialAction\":[{\"@type\":\"ReadAction\",\"target\":[\"https:\\\/\\\/www.sarahmo.be\\\/fr\\\/creer-votre-salon-parfait-chez-sarah-mo\\\/\"]}]},{\"@type\":\"ImageObject\",\"inLanguage\":\"fr-FR\",\"@id\":\"https:\\\/\\\/www.sarahmo.be\\\/fr\\\/creer-votre-salon-parfait-chez-sarah-mo\\\/#primaryimage\",\"url\":\"https:\\\/\\\/www.sarahmo.be\\\/site\\\/wp-content\\\/uploads\\\/SFEER-GIANT.jpg\",\"contentUrl\":\"https:\\\/\\\/www.sarahmo.be\\\/site\\\/wp-content\\\/uploads\\\/SFEER-GIANT.jpg\",\"width\":1135,\"height\":1135},{\"@type\":\"BreadcrumbList\",\"@id\":\"https:\\\/\\\/www.sarahmo.be\\\/fr\\\/creer-votre-salon-parfait-chez-sarah-mo\\\/#breadcrumb\",\"itemListElement\":[{\"@type\":\"ListItem\",\"position\":1,\"name\":\"Accueil\",\"item\":\"https:\\\/\\\/www.sarahmo.be\\\/fr\\\/\"},{\"@type\":\"ListItem\",\"position\":2,\"name\":\"Cr\u00e9er votre salon parfait chez Sarah Mo\"}]},{\"@type\":\"WebSite\",\"@id\":\"https:\\\/\\\/www.sarahmo.be\\\/fr\\\/#website\",\"url\":\"https:\\\/\\\/www.sarahmo.be\\\/fr\\\/\",\"name\":\"Sarah Mo\",\"description\":\"Sp\u00e9cialiste du style campagne intemporel\",\"publisher\":{\"@id\":\"https:\\\/\\\/www.sarahmo.be\\\/fr\\\/#organization\"},\"potentialAction\":[{\"@type\":\"SearchAction\",\"target\":{\"@type\":\"EntryPoint\",\"urlTemplate\":\"https:\\\/\\\/www.sarahmo.be\\\/fr\\\/?s={search_term_string}\"},\"query-input\":{\"@type\":\"PropertyValueSpecification\",\"valueRequired\":true,\"valueName\":\"search_term_string\"}}],\"inLanguage\":\"fr-FR\"},{\"@type\":\"Organization\",\"@id\":\"https:\\\/\\\/www.sarahmo.be\\\/fr\\\/#organization\",\"name\":\"Sarah Mo Landelijke meubelen en verlichting\",\"url\":\"https:\\\/\\\/www.sarahmo.be\\\/fr\\\/\",\"logo\":{\"@type\":\"ImageObject\",\"inLanguage\":\"fr-FR\",\"@id\":\"https:\\\/\\\/www.sarahmo.be\\\/fr\\\/#\\\/schema\\\/logo\\\/image\\\/\",\"url\":\"https:\\\/\\\/www.sarahmo.be\\\/site\\\/wp-content\\\/uploads\\\/logo-dark.png\",\"contentUrl\":\"https:\\\/\\\/www.sarahmo.be\\\/site\\\/wp-content\\\/uploads\\\/logo-dark.png\",\"width\":1025,\"height\":120,\"caption\":\"Sarah Mo Landelijke meubelen en verlichting\"},\"image\":{\"@id\":\"https:\\\/\\\/www.sarahmo.be\\\/fr\\\/#\\\/schema\\\/logo\\\/image\\\/\"},\"sameAs\":[\"https:\\\/\\\/www.facebook.com\\\/SarahMofurniturestore\\\/\"]},{\"@type\":\"Person\",\"@id\":\"https:\\\/\\\/www.sarahmo.be\\\/fr\\\/#\\\/schema\\\/person\\\/284c98b0cea20efedd0ff7863607b4a7\",\"name\":\"Sarah Mo\",\"image\":{\"@type\":\"ImageObject\",\"inLanguage\":\"fr-FR\",\"@id\":\"https:\\\/\\\/secure.gravatar.com\\\/avatar\\\/d3224a97bb8e419d3a7ad0d71ca9f13bde4d053a33379aa79d88c2627995e18a?s=96&d=mm&r=g\",\"url\":\"https:\\\/\\\/secure.gravatar.com\\\/avatar\\\/d3224a97bb8e419d3a7ad0d71ca9f13bde4d053a33379aa79d88c2627995e18a?s=96&d=mm&r=g\",\"contentUrl\":\"https:\\\/\\\/secure.gravatar.com\\\/avatar\\\/d3224a97bb8e419d3a7ad0d71ca9f13bde4d053a33379aa79d88c2627995e18a?s=96&d=mm&r=g\",\"caption\":\"Sarah Mo\"}}]}<\/script>\n<!-- \/ Yoast SEO plugin. -->","yoast_head_json":{"title":"Sarah Mo - Cr\u00e9er votre salon parfait chez Sarah Mo","robots":{"index":"noindex","follow":"follow"},"og_locale":"fr_FR","og_type":"article","og_title":"Sarah Mo - Cr\u00e9er votre salon parfait chez Sarah Mo","og_description":"Chez Sarah Mo int\u00e9rieurs, tout tourne autour du style personnel et du confort. Votre salon est le c\u0153ur de votre","og_url":"https:\/\/www.sarahmo.be\/fr\/creer-votre-salon-parfait-chez-sarah-mo\/","og_site_name":"Sarah Mo","article_publisher":"https:\/\/www.facebook.com\/SarahMofurniturestore\/","article_published_time":"2024-10-24T11:47:20+00:00","article_modified_time":"2024-10-24T12:02:24+00:00","og_image":[{"width":1135,"height":1135,"url":"https:\/\/www.sarahmo.be\/site\/wp-content\/uploads\/SFEER-GIANT.jpg","type":"image\/jpeg"}],"author":"Sarah Mo","twitter_card":"summary_large_image","twitter_misc":{"\u00c9crit par":"Sarah Mo","Dur\u00e9e de lecture estim\u00e9e":"4 minutes"},"schema":{"@context":"https:\/\/schema.org","@graph":[{"@type":"Article","@id":"https:\/\/www.sarahmo.be\/fr\/creer-votre-salon-parfait-chez-sarah-mo\/#article","isPartOf":{"@id":"https:\/\/www.sarahmo.be\/fr\/creer-votre-salon-parfait-chez-sarah-mo\/"},"author":{"name":"Sarah Mo","@id":"https:\/\/www.sarahmo.be\/fr\/#\/schema\/person\/284c98b0cea20efedd0ff7863607b4a7"},"headline":"Cr\u00e9er votre salon parfait chez Sarah Mo","datePublished":"2024-10-24T11:47:20+00:00","dateModified":"2024-10-24T12:02:24+00:00","mainEntityOfPage":{"@id":"https:\/\/www.sarahmo.be\/fr\/creer-votre-salon-parfait-chez-sarah-mo\/"},"wordCount":554,"publisher":{"@id":"https:\/\/www.sarahmo.be\/fr\/#organization"},"image":{"@id":"https:\/\/www.sarahmo.be\/fr\/creer-votre-salon-parfait-chez-sarah-mo\/#primaryimage"},"thumbnailUrl":"https:\/\/www.sarahmo.be\/site\/wp-content\/uploads\/SFEER-GIANT.jpg","articleSection":["Blog"],"inLanguage":"fr-FR"},{"@type":"WebPage","@id":"https:\/\/www.sarahmo.be\/fr\/creer-votre-salon-parfait-chez-sarah-mo\/","url":"https:\/\/www.sarahmo.be\/fr\/creer-votre-salon-parfait-chez-sarah-mo\/","name":"Sarah Mo - Cr\u00e9er votre salon parfait chez Sarah Mo","isPartOf":{"@id":"https:\/\/www.sarahmo.be\/fr\/#website"},"primaryImageOfPage":{"@id":"https:\/\/www.sarahmo.be\/fr\/creer-votre-salon-parfait-chez-sarah-mo\/#primaryimage"},"image":{"@id":"https:\/\/www.sarahmo.be\/fr\/creer-votre-salon-parfait-chez-sarah-mo\/#primaryimage"},"thumbnailUrl":"https:\/\/www.sarahmo.be\/site\/wp-content\/uploads\/SFEER-GIANT.jpg","datePublished":"2024-10-24T11:47:20+00:00","dateModified":"2024-10-24T12:02:24+00:00","breadcrumb":{"@id":"https:\/\/www.sarahmo.be\/fr\/creer-votre-salon-parfait-chez-sarah-mo\/#breadcrumb"},"inLanguage":"fr-FR","potentialAction":[{"@type":"ReadAction","target":["https:\/\/www.sarahmo.be\/fr\/creer-votre-salon-parfait-chez-sarah-mo\/"]}]},{"@type":"ImageObject","inLanguage":"fr-FR","@id":"https:\/\/www.sarahmo.be\/fr\/creer-votre-salon-parfait-chez-sarah-mo\/#primaryimage","url":"https:\/\/www.sarahmo.be\/site\/wp-content\/uploads\/SFEER-GIANT.jpg","contentUrl":"https:\/\/www.sarahmo.be\/site\/wp-content\/uploads\/SFEER-GIANT.jpg","width":1135,"height":1135},{"@type":"BreadcrumbList","@id":"https:\/\/www.sarahmo.be\/fr\/creer-votre-salon-parfait-chez-sarah-mo\/#breadcrumb","itemListElement":[{"@type":"ListItem","position":1,"name":"Accueil","item":"https:\/\/www.sarahmo.be\/fr\/"},{"@type":"ListItem","position":2,"name":"Cr\u00e9er votre salon parfait chez Sarah Mo"}]},{"@type":"WebSite","@id":"https:\/\/www.sarahmo.be\/fr\/#website","url":"https:\/\/www.sarahmo.be\/fr\/","name":"Sarah Mo","description":"Sp\u00e9cialiste du style campagne intemporel","publisher":{"@id":"https:\/\/www.sarahmo.be\/fr\/#organization"},"potentialAction":[{"@type":"SearchAction","target":{"@type":"EntryPoint","urlTemplate":"https:\/\/www.sarahmo.be\/fr\/?s={search_term_string}"},"query-input":{"@type":"PropertyValueSpecification","valueRequired":true,"valueName":"search_term_string"}}],"inLanguage":"fr-FR"},{"@type":"Organization","@id":"https:\/\/www.sarahmo.be\/fr\/#organization","name":"Sarah Mo Landelijke meubelen en verlichting","url":"https:\/\/www.sarahmo.be\/fr\/","logo":{"@type":"ImageObject","inLanguage":"fr-FR","@id":"https:\/\/www.sarahmo.be\/fr\/#\/schema\/logo\/image\/","url":"https:\/\/www.sarahmo.be\/site\/wp-content\/uploads\/logo-dark.png","contentUrl":"https:\/\/www.sarahmo.be\/site\/wp-content\/uploads\/logo-dark.png","width":1025,"height":120,"caption":"Sarah Mo Landelijke meubelen en verlichting"},"image":{"@id":"https:\/\/www.sarahmo.be\/fr\/#\/schema\/logo\/image\/"},"sameAs":["https:\/\/www.facebook.com\/SarahMofurniturestore\/"]},{"@type":"Person","@id":"https:\/\/www.sarahmo.be\/fr\/#\/schema\/person\/284c98b0cea20efedd0ff7863607b4a7","name":"Sarah Mo","image":{"@type":"ImageObject","inLanguage":"fr-FR","@id":"https:\/\/secure.gravatar.com\/avatar\/d3224a97bb8e419d3a7ad0d71ca9f13bde4d053a33379aa79d88c2627995e18a?s=96&d=mm&r=g","url":"https:\/\/secure.gravatar.com\/avatar\/d3224a97bb8e419d3a7ad0d71ca9f13bde4d053a33379aa79d88c2627995e18a?s=96&d=mm&r=g","contentUrl":"https:\/\/secure.gravatar.com\/avatar\/d3224a97bb8e419d3a7ad0d71ca9f13bde4d053a33379aa79d88c2627995e18a?s=96&d=mm&r=g","caption":"Sarah Mo"}}]}},"_links":{"self":[{"href":"https:\/\/www.sarahmo.be\/fr\/wp-json\/wp\/v2\/posts\/23457","targetHints":{"allow":["GET"]}}],"collection":[{"href":"https:\/\/www.sarahmo.be\/fr\/wp-json\/wp\/v2\/posts"}],"about":[{"href":"https:\/\/www.sarahmo.be\/fr\/wp-json\/wp\/v2\/types\/post"}],"author":[{"embeddable":true,"href":"https:\/\/www.sarahmo.be\/fr\/wp-json\/wp\/v2\/users\/185"}],"replies":[{"embeddable":true,"href":"https:\/\/www.sarahmo.be\/fr\/wp-json\/wp\/v2\/comments?post=23457"}],"version-history":[{"count":0,"href":"https:\/\/www.sarahmo.be\/fr\/wp-json\/wp\/v2\/posts\/23457\/revisions"}],"wp:featuredmedia":[{"embeddable":true,"href":"https:\/\/www.sarahmo.be\/fr\/wp-json\/wp\/v2\/media\/20852"}],"wp:attachment":[{"href":"https:\/\/www.sarahmo.be\/fr\/wp-json\/wp\/v2\/media?parent=23457"}],"wp:term":[{"taxonomy":"category","embeddable":true,"href":"https:\/\/www.sarahmo.be\/fr\/wp-json\/wp\/v2\/categories?post=23457"},{"taxonomy":"post_tag","embeddable":true,"href":"https:\/\/www.sarahmo.be\/fr\/wp-json\/wp\/v2\/tags?post=23457"}],"curies":[{"name":"wp","href":"https:\/\/api.w.org\/{rel}","templated":true}]}}