{"id":24524,"date":"2026-03-13T15:40:48","date_gmt":"2026-03-13T13:40:48","guid":{"rendered":"https:\/\/www.sarahmo.be\/?p=24524"},"modified":"2026-03-13T15:40:48","modified_gmt":"2026-03-13T13:40:48","slug":"decouvrez-notre-nouveau-showroom","status":"publish","type":"post","link":"https:\/\/www.sarahmo.be\/fr\/decouvrez-notre-nouveau-showroom\/","title":{"rendered":"D\u00e9couvrez notre nouveau showroom"},"content":{"rendered":"<div class=\"wpb-content-wrapper\"><p>[vc_row][vc_column][vc_column_text css=\u00a0\u00bb\u00a0\u00bb woodmart_inline=\u00a0\u00bbno\u00a0\u00bb text_larger=\u00a0\u00bbno\u00a0\u00bb]<\/p>\n<h1 style=\"text-align: center;\">Un nouveau d\u00e9part chez Sarah Mo, d\u00e9couvrez notre showroom r\u00e9invent\u00e9<\/h1>\n<p>&nbsp;<\/p>\n<p>[\/vc_column_text][\/vc_column][\/vc_row][vc_row][vc_column][vc_column_text css=\u00a0\u00bb\u00a0\u00bb woodmart_inline=\u00a0\u00bbno\u00a0\u00bb text_larger=\u00a0\u00bbno\u00a0\u00bb]<\/p>\n<p style=\"text-align: center;\" data-start=\"177\" data-end=\"371\">Parfois, il est bon de tout remettre \u00e0 plat. De nouvelles id\u00e9es. De nouvelles associations. De nouvelles sources d\u2019inspiration.<br data-start=\"304\" data-end=\"307\" \/>C\u2019est exactement ce que nous avons fait chez Sarah Mo \u00e0 Hasselt.<\/p>\n<p style=\"text-align: center;\" data-start=\"373\" data-end=\"648\">Notre showroom a \u00e9t\u00e9 enti\u00e8rement repens\u00e9 et r\u00e9am\u00e9nag\u00e9. Avec encore plus d\u2019attention pour ce qui nous caract\u00e9rise : un art de vivre campagnard \u00e0 l\u2019\u00e9l\u00e9gance intemporelle.<br data-start=\"541\" data-end=\"544\" \/>Un int\u00e9rieur qui apporte de la s\u00e9r\u00e9nit\u00e9, qui se vit avec chaleur et qui reste \u00e9l\u00e9gant ann\u00e9e apr\u00e8s ann\u00e9e.<\/p>\n<p>[\/vc_column_text][\/vc_column][\/vc_row][vc_row][vc_column][vc_column_text css=\u00a0\u00bb\u00a0\u00bb woodmart_inline=\u00a0\u00bbno\u00a0\u00bb text_larger=\u00a0\u00bbno\u00a0\u00bb]<\/p>\n<p>&nbsp;<\/p>\n<p>[\/vc_column_text][\/vc_column][\/vc_row][vc_row][vc_column width=\u00a0\u00bb1\/2&Prime;][vc_column_text css=\u00a0\u00bb\u00a0\u00bb woodmart_inline=\u00a0\u00bbno\u00a0\u00bb text_larger=\u00a0\u00bbno\u00a0\u00bb]<\/p>\n<h2 data-start=\"109\" data-end=\"166\"><strong data-start=\"109\" data-end=\"166\">Un int\u00e9rieur campagnard, avec une touche de fra\u00eecheur<\/strong><\/h2>\n<p data-start=\"168\" data-end=\"311\">Quand on pense au style campagnard, on imagine parfois un int\u00e9rieur lourd ou tr\u00e8s classique.<br data-start=\"260\" data-end=\"263\" \/>Chez Sarah Mo, nous voyons les choses autrement.<\/p>\n<p data-start=\"313\" data-end=\"380\">Pour nous, vivre dans un int\u00e9rieur campagnard signifie avant tout :<\/p>\n<ul data-start=\"382\" data-end=\"505\">\n<li data-section-id=\"1oor1qo\" data-start=\"382\" data-end=\"410\">\n<p data-start=\"384\" data-end=\"410\">des mat\u00e9riaux chaleureux<\/p>\n<\/li>\n<li data-section-id=\"7gsw8z\" data-start=\"411\" data-end=\"448\">\n<p data-start=\"413\" data-end=\"448\">des couleurs douces et apaisantes<\/p>\n<\/li>\n<li data-section-id=\"9y6g2h\" data-start=\"449\" data-end=\"476\">\n<p data-start=\"451\" data-end=\"476\">des textures naturelles<\/p>\n<\/li>\n<li data-section-id=\"upz5fj\" data-start=\"477\" data-end=\"505\">\n<p data-start=\"479\" data-end=\"505\">des formes intemporelles<\/p>\n<\/li>\n<\/ul>\n<p data-start=\"507\" data-end=\"632\" data-is-last-node=\"\" data-is-only-node=\"\">Le r\u00e9sultat ?<br data-start=\"520\" data-end=\"523\" \/>Un int\u00e9rieur \u00e0 la fois chaleureux et raffin\u00e9. Pas d\u00e9pass\u00e9, mais au contraire lumineux, chaleureux et \u00e9l\u00e9gant.<\/p>\n<p>[\/vc_column_text][\/vc_column][vc_column width=\u00a0\u00bb1\/2&Prime;][vc_single_image image=\u00a0\u00bb24482&Prime; img_size=\u00a0\u00bb450&#215;450&Prime; alignment=\u00a0\u00bbcenter\u00a0\u00bb onclick=\u00a0\u00bbzoom\u00a0\u00bb css=\u00a0\u00bb\u00a0\u00bb parallax_scroll=\u00a0\u00bbno\u00a0\u00bb woodmart_inline=\u00a0\u00bbno\u00a0\u00bb][\/vc_column][\/vc_row][vc_row][vc_column][vc_column_text css=\u00a0\u00bb\u00a0\u00bb woodmart_inline=\u00a0\u00bbno\u00a0\u00bb text_larger=\u00a0\u00bbno\u00a0\u00bb]<\/p>\n<p>&nbsp;<\/p>\n<p>[\/vc_column_text][\/vc_column][\/vc_row][vc_row][vc_column width=\u00a0\u00bb1\/2&Prime;][vc_single_image image=\u00a0\u00bb24483&Prime; img_size=\u00a0\u00bb450&#215;450&Prime; alignment=\u00a0\u00bbcenter\u00a0\u00bb onclick=\u00a0\u00bbzoom\u00a0\u00bb css=\u00a0\u00bb\u00a0\u00bb parallax_scroll=\u00a0\u00bbno\u00a0\u00bb woodmart_inline=\u00a0\u00bbno\u00a0\u00bb][\/vc_column][vc_column width=\u00a0\u00bb1\/2&Prime;][vc_column_text css=\u00a0\u00bb\u00a0\u00bb woodmart_inline=\u00a0\u00bbno\u00a0\u00bb text_larger=\u00a0\u00bbno\u00a0\u00bb]<\/p>\n<p>&nbsp;<\/p>\n<h2 data-start=\"65\" data-end=\"110\"><strong data-start=\"65\" data-end=\"110\">Des meubles intemporels avec du caract\u00e8re<\/strong><\/h2>\n<p data-start=\"112\" data-end=\"217\">Dans notre showroom r\u00e9nov\u00e9, d\u00e9couvrez une vaste collection de meubles intemporels.<br data-start=\"194\" data-end=\"197\" \/>Pensez notamment \u00e0 :<\/p>\n<ul data-start=\"219\" data-end=\"399\">\n<li data-section-id=\"15071i5\" data-start=\"219\" data-end=\"270\">\n<p data-start=\"221\" data-end=\"270\">des tables en ch\u00eane massif au charme chaleureux<\/p>\n<\/li>\n<li data-section-id=\"z4v3dk\" data-start=\"271\" data-end=\"314\">\n<p data-start=\"273\" data-end=\"314\">des meubles en teck pleins de caract\u00e8re<\/p>\n<\/li>\n<li data-section-id=\"6cl6ks\" data-start=\"315\" data-end=\"358\">\n<p data-start=\"317\" data-end=\"358\">des canap\u00e9s et des chaises confortables<\/p>\n<\/li>\n<li data-section-id=\"16gdej7\" data-start=\"359\" data-end=\"399\">\n<p data-start=\"361\" data-end=\"399\">des armoires et des buffets \u00e9l\u00e9gants<\/p>\n<\/li>\n<\/ul>\n<p data-start=\"401\" data-end=\"543\" data-is-last-node=\"\" data-is-only-node=\"\">Des pi\u00e8ces qui ne sont pas seulement belles aujourd\u2019hui, mais qui trouveront encore parfaitement leur place dans votre int\u00e9rieur dans dix ans.<\/p>\n<p>[\/vc_column_text][\/vc_column][\/vc_row][vc_row][vc_column][vc_column_text css=\u00a0\u00bb\u00a0\u00bb woodmart_inline=\u00a0\u00bbno\u00a0\u00bb text_larger=\u00a0\u00bbno\u00a0\u00bb]<\/p>\n<p>&nbsp;<\/p>\n<p>[\/vc_column_text][\/vc_column][\/vc_row][vc_row][vc_column width=\u00a0\u00bb1\/3&Prime;][vc_single_image image=\u00a0\u00bb24529&Prime; img_size=\u00a0\u00bb450&#215;450&Prime; alignment=\u00a0\u00bbcenter\u00a0\u00bb style=\u00a0\u00bbvc_box_circle\u00a0\u00bb onclick=\u00a0\u00bbzoom\u00a0\u00bb css=\u00a0\u00bb\u00a0\u00bb parallax_scroll=\u00a0\u00bbno\u00a0\u00bb woodmart_inline=\u00a0\u00bbno\u00a0\u00bb][\/vc_column][vc_column width=\u00a0\u00bb1\/3&Prime;][vc_single_image image=\u00a0\u00bb24531&Prime; img_size=\u00a0\u00bb450&#215;450&Prime; alignment=\u00a0\u00bbcenter\u00a0\u00bb style=\u00a0\u00bbvc_box_circle\u00a0\u00bb onclick=\u00a0\u00bbzoom\u00a0\u00bb css=\u00a0\u00bb\u00a0\u00bb parallax_scroll=\u00a0\u00bbno\u00a0\u00bb woodmart_inline=\u00a0\u00bbno\u00a0\u00bb][\/vc_column][vc_column width=\u00a0\u00bb1\/3&Prime;][vc_single_image image=\u00a0\u00bb24530&Prime; img_size=\u00a0\u00bb450&#215;450&Prime; alignment=\u00a0\u00bbcenter\u00a0\u00bb style=\u00a0\u00bbvc_box_circle\u00a0\u00bb onclick=\u00a0\u00bbzoom\u00a0\u00bb css=\u00a0\u00bb\u00a0\u00bb parallax_scroll=\u00a0\u00bbno\u00a0\u00bb woodmart_inline=\u00a0\u00bbno\u00a0\u00bb][\/vc_column][\/vc_row][vc_row][vc_column][vc_column_text css=\u00a0\u00bb\u00a0\u00bb woodmart_inline=\u00a0\u00bbno\u00a0\u00bb text_larger=\u00a0\u00bbno\u00a0\u00bb]<\/p>\n<p>&nbsp;<\/p>\n<p>[\/vc_column_text][\/vc_column][\/vc_row][vc_row][vc_column width=\u00a0\u00bb1\/2&Prime;][vc_column_text css=\u00a0\u00bb\u00a0\u00bb woodmart_inline=\u00a0\u00bbno\u00a0\u00bb text_larger=\u00a0\u00bbno\u00a0\u00bb]<\/p>\n<p>&nbsp;<\/p>\n<h2>Des couleurs apaisantes avec des accents pleins d\u2019ambiance<\/h2>\n<p data-start=\"126\" data-end=\"339\">Un int\u00e9rieur vit gr\u00e2ce \u00e0 l\u2019\u00e9quilibre. C\u2019est pourquoi, chez Sarah Mo, nous travaillons volontiers avec des couleurs naturelles et apaisantes comme le sable, le beige, le bois chaleureux et les nuances de gris doux.<\/p>\n<p data-start=\"341\" data-end=\"596\">Nous associons cette base \u00e0 une d\u00e9coration chaleureuse et \u00e0 de subtils accents de couleur.<br data-start=\"431\" data-end=\"434\" \/>Pensez \u00e0 un \u00e9clairage chaleureux, \u00e0 des vases \u00e9l\u00e9gants, \u00e0 des textures en lin ou en laine et \u00e0 des objets d\u00e9coratifs qui apportent du caract\u00e8re \u00e0 votre int\u00e9rieur.<\/p>\n<p data-start=\"598\" data-end=\"676\" data-is-last-node=\"\" data-is-only-node=\"\">Ainsi na\u00eet un int\u00e9rieur qui respire la s\u00e9r\u00e9nit\u00e9, sans jamais devenir monotone.<\/p>\n<p>[\/vc_column_text][\/vc_column][vc_column width=\u00a0\u00bb1\/2&Prime;][vc_single_image image=\u00a0\u00bb24534&Prime; img_size=\u00a0\u00bb450&#215;450&Prime; alignment=\u00a0\u00bbcenter\u00a0\u00bb onclick=\u00a0\u00bbzoom\u00a0\u00bb css=\u00a0\u00bb\u00a0\u00bb parallax_scroll=\u00a0\u00bbno\u00a0\u00bb woodmart_inline=\u00a0\u00bbno\u00a0\u00bb][\/vc_column][\/vc_row][vc_row][vc_column][vc_column_text css=\u00a0\u00bb\u00a0\u00bb woodmart_inline=\u00a0\u00bbno\u00a0\u00bb text_larger=\u00a0\u00bbno\u00a0\u00bb]<\/p>\n<p>&nbsp;<\/p>\n<p>[\/vc_column_text][\/vc_column][\/vc_row][vc_row][vc_column width=\u00a0\u00bb1\/2&Prime;][vc_single_image image=\u00a0\u00bb24537&Prime; img_size=\u00a0\u00bb450&#215;450&Prime; alignment=\u00a0\u00bbcenter\u00a0\u00bb onclick=\u00a0\u00bbzoom\u00a0\u00bb css=\u00a0\u00bb\u00a0\u00bb parallax_scroll=\u00a0\u00bbno\u00a0\u00bb woodmart_inline=\u00a0\u00bbno\u00a0\u00bb][\/vc_column][vc_column width=\u00a0\u00bb1\/2&Prime;][vc_column_text css=\u00a0\u00bb\u00a0\u00bb woodmart_inline=\u00a0\u00bbno\u00a0\u00bb text_larger=\u00a0\u00bbno\u00a0\u00bb]<\/p>\n<p>&nbsp;<\/p>\n<h2 data-start=\"86\" data-end=\"121\"><strong data-start=\"86\" data-end=\"121\">Un showroom plein d\u2019inspiration<\/strong><\/h2>\n<p data-start=\"123\" data-end=\"396\">Notre showroom r\u00e9nov\u00e9 est con\u00e7u comme une succession de v\u00e9ritables ambiances de vie.<br data-start=\"207\" data-end=\"210\" \/>Des salons o\u00f9 l\u2019atmosph\u00e8re se ressent imm\u00e9diatement.<br data-start=\"262\" data-end=\"265\" \/>Des salles \u00e0 manger o\u00f9 tables, chaises et luminaires s\u2019harmonisent parfaitement.<br data-start=\"345\" data-end=\"348\" \/>Une d\u00e9coration qui vient sublimer chaque espace.<\/p>\n<p data-start=\"398\" data-end=\"545\" data-is-last-node=\"\" data-is-only-node=\"\">Ainsi, vous ne d\u00e9couvrez pas seulement des meubles individuellement, mais aussi la mani\u00e8re dont tout s\u2019assemble pour cr\u00e9er un int\u00e9rieur harmonieux.<\/p>\n<p>[\/vc_column_text][\/vc_column][\/vc_row][vc_row][vc_column][vc_column_text css=\u00a0\u00bb\u00a0\u00bb woodmart_inline=\u00a0\u00bbno\u00a0\u00bb text_larger=\u00a0\u00bbno\u00a0\u00bb]<\/p>\n<p>&nbsp;<\/p>\n<p>[\/vc_column_text][\/vc_column][\/vc_row][vc_row][vc_column][vc_column_text css=\u00a0\u00bb\u00a0\u00bb woodmart_inline=\u00a0\u00bbno\u00a0\u00bb text_larger=\u00a0\u00bbno\u00a0\u00bb]<\/p>\n<h2 data-start=\"64\" data-end=\"108\"><\/h2>\n<h2 style=\"text-align: center;\" data-start=\"64\" data-end=\"108\"><strong data-start=\"64\" data-end=\"108\">Venez d\u00e9couvrir l\u2019ambiance par vous-m\u00eame<\/strong><\/h2>\n<p style=\"text-align: center;\" data-start=\"110\" data-end=\"231\">Vous recherchez des meubles de style campagnard, un int\u00e9rieur intemporel ou de nouvelles inspirations pour votre maison ?<\/p>\n<p style=\"text-align: center;\" data-start=\"233\" data-end=\"467\">Nous vous invitons avec plaisir \u00e0 d\u00e9couvrir le showroom r\u00e9nov\u00e9 de Sarah Mo \u00e0 Hasselt.<br data-start=\"318\" data-end=\"321\" \/>Laissez-vous inspirer par nos meubles en ch\u00eane et en teck, nos chaises \u00e9l\u00e9gantes, notre \u00e9clairage chaleureux et notre d\u00e9coration pleine de charme.<\/p>\n<p style=\"text-align: center;\" data-start=\"469\" data-end=\"582\" data-is-last-node=\"\" data-is-only-node=\"\">Car un int\u00e9rieur doit faire plus que simplement \u00eatre beau.<br data-start=\"527\" data-end=\"530\" \/>Il doit surtout donner le sentiment d\u2019\u00eatre chez soi.<\/p>\n<p>[\/vc_column_text][\/vc_column][\/vc_row][vc_row][vc_column][vc_column_text css=\u00a0\u00bb\u00a0\u00bb woodmart_inline=\u00a0\u00bbno\u00a0\u00bb text_larger=\u00a0\u00bbno\u00a0\u00bb]<\/p>\n<p>&nbsp;<\/p>\n<p>[\/vc_column_text][\/vc_column][\/vc_row][vc_row][vc_column width=\u00a0\u00bb1\/3&Prime;][vc_single_image image=\u00a0\u00bb24539&Prime; img_size=\u00a0\u00bb450&#215;450&Prime; alignment=\u00a0\u00bbcenter\u00a0\u00bb css=\u00a0\u00bb\u00a0\u00bb parallax_scroll=\u00a0\u00bbno\u00a0\u00bb woodmart_inline=\u00a0\u00bbno\u00a0\u00bb][\/vc_column][vc_column width=\u00a0\u00bb1\/3&Prime;][vc_single_image image=\u00a0\u00bb24541&Prime; img_size=\u00a0\u00bb450&#215;450&Prime; alignment=\u00a0\u00bbcenter\u00a0\u00bb css=\u00a0\u00bb\u00a0\u00bb parallax_scroll=\u00a0\u00bbno\u00a0\u00bb woodmart_inline=\u00a0\u00bbno\u00a0\u00bb][\/vc_column][vc_column width=\u00a0\u00bb1\/3&Prime;][vc_single_image image=\u00a0\u00bb24540&Prime; img_size=\u00a0\u00bb450&#215;450&Prime; alignment=\u00a0\u00bbcenter\u00a0\u00bb css=\u00a0\u00bb\u00a0\u00bb parallax_scroll=\u00a0\u00bbno\u00a0\u00bb woodmart_inline=\u00a0\u00bbno\u00a0\u00bb][\/vc_column][\/vc_row][vc_row][vc_column][vc_column_text css=\u00a0\u00bb\u00a0\u00bb woodmart_inline=\u00a0\u00bbno\u00a0\u00bb text_larger=\u00a0\u00bbno\u00a0\u00bb]<\/p>\n<p>&nbsp;<\/p>\n<p>[\/vc_column_text][\/vc_column][\/vc_row]<\/p>\n<\/div>","protected":false},"excerpt":{"rendered":"<p>[vc_row][vc_column][vc_column_text css=\u00a0\u00bb\u00a0\u00bb woodmart_inline=\u00a0\u00bbno\u00a0\u00bb text_larger=\u00a0\u00bbno\u00a0\u00bb] Un nouveau d\u00e9part chez Sarah Mo, d\u00e9couvrez notre showroom r\u00e9invent\u00e9 &nbsp; [\/vc_column_text][\/vc_column][\/vc_row][vc_row][vc_column][vc_column_text css=\u00a0\u00bb\u00a0\u00bb woodmart_inline=\u00a0\u00bbno\u00a0\u00bb text_larger=\u00a0\u00bbno\u00a0\u00bb] Parfois,<\/p>\n","protected":false},"author":185,"featured_media":24525,"comment_status":"closed","ping_status":"closed","sticky":false,"template":"","format":"standard","meta":{"footnotes":""},"categories":[3919,3990,3991],"tags":[],"class_list":["post-24524","post","type-post","status-publish","format-standard","has-post-thumbnail","hentry","category-blog-fr","category-style-campagne","category-vivre-le-charme-rustique"],"yoast_head":"<!-- This site is optimized with the Yoast SEO plugin v27.4 - https:\/\/yoast.com\/product\/yoast-seo-wordpress\/ -->\n<title>Sarah Mo - D\u00e9couvrez notre nouveau showroom<\/title>\n<meta name=\"robots\" content=\"noindex, follow\" \/>\n<meta property=\"og:locale\" content=\"fr_FR\" \/>\n<meta property=\"og:type\" content=\"article\" \/>\n<meta property=\"og:title\" content=\"Sarah Mo - D\u00e9couvrez notre nouveau showroom\" \/>\n<meta property=\"og:description\" content=\"[vc_row][vc_column][vc_column_text css=\u00a0\u00bb\u00a0\u00bb woodmart_inline=\u00a0\u00bbno\u00a0\u00bb text_larger=\u00a0\u00bbno\u00a0\u00bb] Un nouveau d\u00e9part chez Sarah Mo, d\u00e9couvrez notre showroom r\u00e9invent\u00e9 &nbsp; [\/vc_column_text][\/vc_column][\/vc_row][vc_row][vc_column][vc_column_text css=\u00a0\u00bb\u00a0\u00bb woodmart_inline=\u00a0\u00bbno\u00a0\u00bb text_larger=\u00a0\u00bbno\u00a0\u00bb] Parfois,\" \/>\n<meta property=\"og:url\" content=\"https:\/\/www.sarahmo.be\/fr\/decouvrez-notre-nouveau-showroom\/\" \/>\n<meta property=\"og:site_name\" content=\"Sarah Mo\" \/>\n<meta property=\"article:publisher\" content=\"https:\/\/www.facebook.com\/SarahMofurniturestore\/\" \/>\n<meta property=\"article:published_time\" content=\"2026-03-13T13:40:48+00:00\" \/>\n<meta property=\"og:image\" content=\"https:\/\/www.sarahmo.be\/site\/wp-content\/uploads\/Sarah-mo-hasselt-interieur-winkel-landelijk-tijdloos-wonen-17-1.jpg\" \/>\n\t<meta property=\"og:image:width\" content=\"1024\" \/>\n\t<meta property=\"og:image:height\" content=\"1536\" \/>\n\t<meta property=\"og:image:type\" content=\"image\/jpeg\" \/>\n<meta name=\"author\" content=\"Sarah Mo\" \/>\n<meta name=\"twitter:card\" content=\"summary_large_image\" \/>\n<meta name=\"twitter:label1\" content=\"\u00c9crit par\" \/>\n\t<meta name=\"twitter:data1\" content=\"Sarah Mo\" \/>\n\t<meta name=\"twitter:label2\" content=\"Dur\u00e9e de lecture estim\u00e9e\" \/>\n\t<meta name=\"twitter:data2\" content=\"6 minutes\" \/>\n<script type=\"application\/ld+json\" class=\"yoast-schema-graph\">{\"@context\":\"https:\\\/\\\/schema.org\",\"@graph\":[{\"@type\":\"Article\",\"@id\":\"https:\\\/\\\/www.sarahmo.be\\\/fr\\\/decouvrez-notre-nouveau-showroom\\\/#article\",\"isPartOf\":{\"@id\":\"https:\\\/\\\/www.sarahmo.be\\\/fr\\\/decouvrez-notre-nouveau-showroom\\\/\"},\"author\":{\"name\":\"Sarah Mo\",\"@id\":\"https:\\\/\\\/www.sarahmo.be\\\/fr\\\/#\\\/schema\\\/person\\\/284c98b0cea20efedd0ff7863607b4a7\"},\"headline\":\"D\u00e9couvrez notre nouveau showroom\",\"datePublished\":\"2026-03-13T13:40:48+00:00\",\"mainEntityOfPage\":{\"@id\":\"https:\\\/\\\/www.sarahmo.be\\\/fr\\\/decouvrez-notre-nouveau-showroom\\\/\"},\"wordCount\":1110,\"publisher\":{\"@id\":\"https:\\\/\\\/www.sarahmo.be\\\/fr\\\/#organization\"},\"image\":{\"@id\":\"https:\\\/\\\/www.sarahmo.be\\\/fr\\\/decouvrez-notre-nouveau-showroom\\\/#primaryimage\"},\"thumbnailUrl\":\"https:\\\/\\\/www.sarahmo.be\\\/site\\\/wp-content\\\/uploads\\\/Sarah-mo-hasselt-interieur-winkel-landelijk-tijdloos-wonen-17-1.jpg\",\"articleSection\":[\"Blog\",\"Style campagne\",\"Vivre le charme rustique\"],\"inLanguage\":\"fr-FR\"},{\"@type\":\"WebPage\",\"@id\":\"https:\\\/\\\/www.sarahmo.be\\\/fr\\\/decouvrez-notre-nouveau-showroom\\\/\",\"url\":\"https:\\\/\\\/www.sarahmo.be\\\/fr\\\/decouvrez-notre-nouveau-showroom\\\/\",\"name\":\"Sarah Mo - D\u00e9couvrez notre nouveau showroom\",\"isPartOf\":{\"@id\":\"https:\\\/\\\/www.sarahmo.be\\\/fr\\\/#website\"},\"primaryImageOfPage\":{\"@id\":\"https:\\\/\\\/www.sarahmo.be\\\/fr\\\/decouvrez-notre-nouveau-showroom\\\/#primaryimage\"},\"image\":{\"@id\":\"https:\\\/\\\/www.sarahmo.be\\\/fr\\\/decouvrez-notre-nouveau-showroom\\\/#primaryimage\"},\"thumbnailUrl\":\"https:\\\/\\\/www.sarahmo.be\\\/site\\\/wp-content\\\/uploads\\\/Sarah-mo-hasselt-interieur-winkel-landelijk-tijdloos-wonen-17-1.jpg\",\"datePublished\":\"2026-03-13T13:40:48+00:00\",\"breadcrumb\":{\"@id\":\"https:\\\/\\\/www.sarahmo.be\\\/fr\\\/decouvrez-notre-nouveau-showroom\\\/#breadcrumb\"},\"inLanguage\":\"fr-FR\",\"potentialAction\":[{\"@type\":\"ReadAction\",\"target\":[\"https:\\\/\\\/www.sarahmo.be\\\/fr\\\/decouvrez-notre-nouveau-showroom\\\/\"]}]},{\"@type\":\"ImageObject\",\"inLanguage\":\"fr-FR\",\"@id\":\"https:\\\/\\\/www.sarahmo.be\\\/fr\\\/decouvrez-notre-nouveau-showroom\\\/#primaryimage\",\"url\":\"https:\\\/\\\/www.sarahmo.be\\\/site\\\/wp-content\\\/uploads\\\/Sarah-mo-hasselt-interieur-winkel-landelijk-tijdloos-wonen-17-1.jpg\",\"contentUrl\":\"https:\\\/\\\/www.sarahmo.be\\\/site\\\/wp-content\\\/uploads\\\/Sarah-mo-hasselt-interieur-winkel-landelijk-tijdloos-wonen-17-1.jpg\",\"width\":1024,\"height\":1536},{\"@type\":\"BreadcrumbList\",\"@id\":\"https:\\\/\\\/www.sarahmo.be\\\/fr\\\/decouvrez-notre-nouveau-showroom\\\/#breadcrumb\",\"itemListElement\":[{\"@type\":\"ListItem\",\"position\":1,\"name\":\"Accueil\",\"item\":\"https:\\\/\\\/www.sarahmo.be\\\/fr\\\/\"},{\"@type\":\"ListItem\",\"position\":2,\"name\":\"D\u00e9couvrez notre nouveau showroom\"}]},{\"@type\":\"WebSite\",\"@id\":\"https:\\\/\\\/www.sarahmo.be\\\/fr\\\/#website\",\"url\":\"https:\\\/\\\/www.sarahmo.be\\\/fr\\\/\",\"name\":\"Sarah Mo\",\"description\":\"Sp\u00e9cialiste du style campagne intemporel\",\"publisher\":{\"@id\":\"https:\\\/\\\/www.sarahmo.be\\\/fr\\\/#organization\"},\"potentialAction\":[{\"@type\":\"SearchAction\",\"target\":{\"@type\":\"EntryPoint\",\"urlTemplate\":\"https:\\\/\\\/www.sarahmo.be\\\/fr\\\/?s={search_term_string}\"},\"query-input\":{\"@type\":\"PropertyValueSpecification\",\"valueRequired\":true,\"valueName\":\"search_term_string\"}}],\"inLanguage\":\"fr-FR\"},{\"@type\":\"Organization\",\"@id\":\"https:\\\/\\\/www.sarahmo.be\\\/fr\\\/#organization\",\"name\":\"Sarah Mo Landelijke meubelen en verlichting\",\"url\":\"https:\\\/\\\/www.sarahmo.be\\\/fr\\\/\",\"logo\":{\"@type\":\"ImageObject\",\"inLanguage\":\"fr-FR\",\"@id\":\"https:\\\/\\\/www.sarahmo.be\\\/fr\\\/#\\\/schema\\\/logo\\\/image\\\/\",\"url\":\"https:\\\/\\\/www.sarahmo.be\\\/site\\\/wp-content\\\/uploads\\\/logo-dark.png\",\"contentUrl\":\"https:\\\/\\\/www.sarahmo.be\\\/site\\\/wp-content\\\/uploads\\\/logo-dark.png\",\"width\":1025,\"height\":120,\"caption\":\"Sarah Mo Landelijke meubelen en verlichting\"},\"image\":{\"@id\":\"https:\\\/\\\/www.sarahmo.be\\\/fr\\\/#\\\/schema\\\/logo\\\/image\\\/\"},\"sameAs\":[\"https:\\\/\\\/www.facebook.com\\\/SarahMofurniturestore\\\/\"]},{\"@type\":\"Person\",\"@id\":\"https:\\\/\\\/www.sarahmo.be\\\/fr\\\/#\\\/schema\\\/person\\\/284c98b0cea20efedd0ff7863607b4a7\",\"name\":\"Sarah Mo\",\"image\":{\"@type\":\"ImageObject\",\"inLanguage\":\"fr-FR\",\"@id\":\"https:\\\/\\\/secure.gravatar.com\\\/avatar\\\/d3224a97bb8e419d3a7ad0d71ca9f13bde4d053a33379aa79d88c2627995e18a?s=96&d=mm&r=g\",\"url\":\"https:\\\/\\\/secure.gravatar.com\\\/avatar\\\/d3224a97bb8e419d3a7ad0d71ca9f13bde4d053a33379aa79d88c2627995e18a?s=96&d=mm&r=g\",\"contentUrl\":\"https:\\\/\\\/secure.gravatar.com\\\/avatar\\\/d3224a97bb8e419d3a7ad0d71ca9f13bde4d053a33379aa79d88c2627995e18a?s=96&d=mm&r=g\",\"caption\":\"Sarah Mo\"}}]}<\/script>\n<!-- \/ Yoast SEO plugin. -->","yoast_head_json":{"title":"Sarah Mo - D\u00e9couvrez notre nouveau showroom","robots":{"index":"noindex","follow":"follow"},"og_locale":"fr_FR","og_type":"article","og_title":"Sarah Mo - D\u00e9couvrez notre nouveau showroom","og_description":"[vc_row][vc_column][vc_column_text css=\u00a0\u00bb\u00a0\u00bb woodmart_inline=\u00a0\u00bbno\u00a0\u00bb text_larger=\u00a0\u00bbno\u00a0\u00bb] Un nouveau d\u00e9part chez Sarah Mo, d\u00e9couvrez notre showroom r\u00e9invent\u00e9 &nbsp; [\/vc_column_text][\/vc_column][\/vc_row][vc_row][vc_column][vc_column_text css=\u00a0\u00bb\u00a0\u00bb woodmart_inline=\u00a0\u00bbno\u00a0\u00bb text_larger=\u00a0\u00bbno\u00a0\u00bb] Parfois,","og_url":"https:\/\/www.sarahmo.be\/fr\/decouvrez-notre-nouveau-showroom\/","og_site_name":"Sarah Mo","article_publisher":"https:\/\/www.facebook.com\/SarahMofurniturestore\/","article_published_time":"2026-03-13T13:40:48+00:00","og_image":[{"width":1024,"height":1536,"url":"https:\/\/www.sarahmo.be\/site\/wp-content\/uploads\/Sarah-mo-hasselt-interieur-winkel-landelijk-tijdloos-wonen-17-1.jpg","type":"image\/jpeg"}],"author":"Sarah Mo","twitter_card":"summary_large_image","twitter_misc":{"\u00c9crit par":"Sarah Mo","Dur\u00e9e de lecture estim\u00e9e":"6 minutes"},"schema":{"@context":"https:\/\/schema.org","@graph":[{"@type":"Article","@id":"https:\/\/www.sarahmo.be\/fr\/decouvrez-notre-nouveau-showroom\/#article","isPartOf":{"@id":"https:\/\/www.sarahmo.be\/fr\/decouvrez-notre-nouveau-showroom\/"},"author":{"name":"Sarah Mo","@id":"https:\/\/www.sarahmo.be\/fr\/#\/schema\/person\/284c98b0cea20efedd0ff7863607b4a7"},"headline":"D\u00e9couvrez notre nouveau showroom","datePublished":"2026-03-13T13:40:48+00:00","mainEntityOfPage":{"@id":"https:\/\/www.sarahmo.be\/fr\/decouvrez-notre-nouveau-showroom\/"},"wordCount":1110,"publisher":{"@id":"https:\/\/www.sarahmo.be\/fr\/#organization"},"image":{"@id":"https:\/\/www.sarahmo.be\/fr\/decouvrez-notre-nouveau-showroom\/#primaryimage"},"thumbnailUrl":"https:\/\/www.sarahmo.be\/site\/wp-content\/uploads\/Sarah-mo-hasselt-interieur-winkel-landelijk-tijdloos-wonen-17-1.jpg","articleSection":["Blog","Style campagne","Vivre le charme rustique"],"inLanguage":"fr-FR"},{"@type":"WebPage","@id":"https:\/\/www.sarahmo.be\/fr\/decouvrez-notre-nouveau-showroom\/","url":"https:\/\/www.sarahmo.be\/fr\/decouvrez-notre-nouveau-showroom\/","name":"Sarah Mo - D\u00e9couvrez notre nouveau showroom","isPartOf":{"@id":"https:\/\/www.sarahmo.be\/fr\/#website"},"primaryImageOfPage":{"@id":"https:\/\/www.sarahmo.be\/fr\/decouvrez-notre-nouveau-showroom\/#primaryimage"},"image":{"@id":"https:\/\/www.sarahmo.be\/fr\/decouvrez-notre-nouveau-showroom\/#primaryimage"},"thumbnailUrl":"https:\/\/www.sarahmo.be\/site\/wp-content\/uploads\/Sarah-mo-hasselt-interieur-winkel-landelijk-tijdloos-wonen-17-1.jpg","datePublished":"2026-03-13T13:40:48+00:00","breadcrumb":{"@id":"https:\/\/www.sarahmo.be\/fr\/decouvrez-notre-nouveau-showroom\/#breadcrumb"},"inLanguage":"fr-FR","potentialAction":[{"@type":"ReadAction","target":["https:\/\/www.sarahmo.be\/fr\/decouvrez-notre-nouveau-showroom\/"]}]},{"@type":"ImageObject","inLanguage":"fr-FR","@id":"https:\/\/www.sarahmo.be\/fr\/decouvrez-notre-nouveau-showroom\/#primaryimage","url":"https:\/\/www.sarahmo.be\/site\/wp-content\/uploads\/Sarah-mo-hasselt-interieur-winkel-landelijk-tijdloos-wonen-17-1.jpg","contentUrl":"https:\/\/www.sarahmo.be\/site\/wp-content\/uploads\/Sarah-mo-hasselt-interieur-winkel-landelijk-tijdloos-wonen-17-1.jpg","width":1024,"height":1536},{"@type":"BreadcrumbList","@id":"https:\/\/www.sarahmo.be\/fr\/decouvrez-notre-nouveau-showroom\/#breadcrumb","itemListElement":[{"@type":"ListItem","position":1,"name":"Accueil","item":"https:\/\/www.sarahmo.be\/fr\/"},{"@type":"ListItem","position":2,"name":"D\u00e9couvrez notre nouveau showroom"}]},{"@type":"WebSite","@id":"https:\/\/www.sarahmo.be\/fr\/#website","url":"https:\/\/www.sarahmo.be\/fr\/","name":"Sarah Mo","description":"Sp\u00e9cialiste du style campagne intemporel","publisher":{"@id":"https:\/\/www.sarahmo.be\/fr\/#organization"},"potentialAction":[{"@type":"SearchAction","target":{"@type":"EntryPoint","urlTemplate":"https:\/\/www.sarahmo.be\/fr\/?s={search_term_string}"},"query-input":{"@type":"PropertyValueSpecification","valueRequired":true,"valueName":"search_term_string"}}],"inLanguage":"fr-FR"},{"@type":"Organization","@id":"https:\/\/www.sarahmo.be\/fr\/#organization","name":"Sarah Mo Landelijke meubelen en verlichting","url":"https:\/\/www.sarahmo.be\/fr\/","logo":{"@type":"ImageObject","inLanguage":"fr-FR","@id":"https:\/\/www.sarahmo.be\/fr\/#\/schema\/logo\/image\/","url":"https:\/\/www.sarahmo.be\/site\/wp-content\/uploads\/logo-dark.png","contentUrl":"https:\/\/www.sarahmo.be\/site\/wp-content\/uploads\/logo-dark.png","width":1025,"height":120,"caption":"Sarah Mo Landelijke meubelen en verlichting"},"image":{"@id":"https:\/\/www.sarahmo.be\/fr\/#\/schema\/logo\/image\/"},"sameAs":["https:\/\/www.facebook.com\/SarahMofurniturestore\/"]},{"@type":"Person","@id":"https:\/\/www.sarahmo.be\/fr\/#\/schema\/person\/284c98b0cea20efedd0ff7863607b4a7","name":"Sarah Mo","image":{"@type":"ImageObject","inLanguage":"fr-FR","@id":"https:\/\/secure.gravatar.com\/avatar\/d3224a97bb8e419d3a7ad0d71ca9f13bde4d053a33379aa79d88c2627995e18a?s=96&d=mm&r=g","url":"https:\/\/secure.gravatar.com\/avatar\/d3224a97bb8e419d3a7ad0d71ca9f13bde4d053a33379aa79d88c2627995e18a?s=96&d=mm&r=g","contentUrl":"https:\/\/secure.gravatar.com\/avatar\/d3224a97bb8e419d3a7ad0d71ca9f13bde4d053a33379aa79d88c2627995e18a?s=96&d=mm&r=g","caption":"Sarah Mo"}}]}},"_links":{"self":[{"href":"https:\/\/www.sarahmo.be\/fr\/wp-json\/wp\/v2\/posts\/24524","targetHints":{"allow":["GET"]}}],"collection":[{"href":"https:\/\/www.sarahmo.be\/fr\/wp-json\/wp\/v2\/posts"}],"about":[{"href":"https:\/\/www.sarahmo.be\/fr\/wp-json\/wp\/v2\/types\/post"}],"author":[{"embeddable":true,"href":"https:\/\/www.sarahmo.be\/fr\/wp-json\/wp\/v2\/users\/185"}],"replies":[{"embeddable":true,"href":"https:\/\/www.sarahmo.be\/fr\/wp-json\/wp\/v2\/comments?post=24524"}],"version-history":[{"count":0,"href":"https:\/\/www.sarahmo.be\/fr\/wp-json\/wp\/v2\/posts\/24524\/revisions"}],"wp:featuredmedia":[{"embeddable":true,"href":"https:\/\/www.sarahmo.be\/fr\/wp-json\/wp\/v2\/media\/24525"}],"wp:attachment":[{"href":"https:\/\/www.sarahmo.be\/fr\/wp-json\/wp\/v2\/media?parent=24524"}],"wp:term":[{"taxonomy":"category","embeddable":true,"href":"https:\/\/www.sarahmo.be\/fr\/wp-json\/wp\/v2\/categories?post=24524"},{"taxonomy":"post_tag","embeddable":true,"href":"https:\/\/www.sarahmo.be\/fr\/wp-json\/wp\/v2\/tags?post=24524"}],"curies":[{"name":"wp","href":"https:\/\/api.w.org\/{rel}","templated":true}]}}